{"id":1145,"date":"2015-03-09T23:43:25","date_gmt":"2015-03-10T02:43:25","guid":{"rendered":"http:\/\/www.portaldenoticias.net\/deusimar\/?p=1145"},"modified":"2015-03-09T23:43:25","modified_gmt":"2015-03-10T02:43:25","slug":"novo-governador-divulgou-em-sua-pagina-do-facebook-resultado-favoravel-na-reducao-de-homicidios-na-regiao-metropolitana-de-salvador","status":"publish","type":"post","link":"https:\/\/portaldenoticias.net\/deusimar\/novo-governador-divulgou-em-sua-pagina-do-facebook-resultado-favoravel-na-reducao-de-homicidios-na-regiao-metropolitana-de-salvador\/","title":{"rendered":"NOVO GOVERNADOR DIVULGOU EM SUA PAGINA DO FACEBOOK   RESULTADO FAVOR\u00c1VEL NA REDU\u00c7\u00c3O DE HOMIC\u00cdDIOS NA REGI\u00c3O METROPOLITANA DE SALVADOR."},"content":{"rendered":"<p><img loading=\"lazy\" decoding=\"async\" src=\"http:\/\/www.portaldenoticias.net\/deusimar\/wp-content\/uploads\/2015\/02\/RUI-COSTA-IMAGEM-GRANDE-DO-FACE..png\" alt=\"RUI COSTA IMAGEM GRANDE DO FACE.\" width=\"160\" height=\"160\" class=\"alignleft size-full wp-image-832\" srcset=\"https:\/\/portaldenoticias.net\/deusimar\/wp-content\/uploads\/2015\/02\/RUI-COSTA-IMAGEM-GRANDE-DO-FACE..png 160w, https:\/\/portaldenoticias.net\/deusimar\/wp-content\/uploads\/2015\/02\/RUI-COSTA-IMAGEM-GRANDE-DO-FACE.-150x150.png 150w\" sizes=\"auto, (max-width: 160px) 100vw, 160px\" \/><\/p>\n<p>Rui Costa<br \/>\n3 h \u00b7<br \/>\nNos dois primeiros meses do ano, a redu\u00e7\u00e3o de homic\u00eddios Regi\u00e3o Metropolitana de Salvador foi de 12,6% . Os dados foram apresentados hoje, na primeira reuni\u00e3o peri\u00f3dica de 2015 do Comit\u00ea Executivo do Pacto pela Vida.<br \/>\nOs n\u00fameros s\u00e3o um sinal positivo, pelo qual parabenizo a todos que atuam entre os poderes p\u00fablicos e, em especial, na \u00e1rea de Seguran\u00e7a P\u00fablica. Isso \u00e9 resultado do esfor\u00e7o e da dedica\u00e7\u00e3o dos policiais militares e civis. Espero continuar esse trabalho acrescentando uma pol\u00edtica social, direcionada \u00e0s \u00e1reas mais sens\u00edveis, para que possamos continuar comemorando uma redu\u00e7\u00e3o ainda maior nos pr\u00f3ximos meses. Vamos trabalhar para reduzir ainda mais<\/p>\n<p><img loading=\"lazy\" decoding=\"async\" src=\"http:\/\/www.portaldenoticias.net\/deusimar\/wp-content\/uploads\/2015\/03\/Reducao-da-criminalidade-450x450.png\" alt=\"Reducao da criminalidade\" width=\"450\" height=\"450\" class=\"alignleft size-medium wp-image-1146\" srcset=\"https:\/\/portaldenoticias.net\/deusimar\/wp-content\/uploads\/2015\/03\/Reducao-da-criminalidade-450x450.png 450w, https:\/\/portaldenoticias.net\/deusimar\/wp-content\/uploads\/2015\/03\/Reducao-da-criminalidade-150x150.png 150w, https:\/\/portaldenoticias.net\/deusimar\/wp-content\/uploads\/2015\/03\/Reducao-da-criminalidade.png 480w\" sizes=\"auto, (max-width: 450px) 100vw, 450px\" \/><\/p>\n<p>COLABORA\u00c7\u00c3O E COMPLEMENTOS DOS:<\/p>\n<p><img loading=\"lazy\" decoding=\"async\" src=\"http:\/\/www.portaldenoticias.net\/deusimar\/wp-content\/uploads\/2015\/02\/CARTAO-DE-VISITA-DEUSIMAR-450x250.jpg\" alt=\"CARTAO DE VISITA DEUSIMAR\" width=\"450\" height=\"250\" class=\"alignleft size-medium wp-image-849\" srcset=\"https:\/\/portaldenoticias.net\/deusimar\/wp-content\/uploads\/2015\/02\/CARTAO-DE-VISITA-DEUSIMAR-450x250.jpg 450w, https:\/\/portaldenoticias.net\/deusimar\/wp-content\/uploads\/2015\/02\/CARTAO-DE-VISITA-DEUSIMAR-640x356.jpg 640w, https:\/\/portaldenoticias.net\/deusimar\/wp-content\/uploads\/2015\/02\/CARTAO-DE-VISITA-DEUSIMAR.jpg 1062w\" sizes=\"auto, (max-width: 450px) 100vw, 450px\" \/><\/p>\n","protected":false},"excerpt":{"rendered":"<p>Rui Costa 3 h \u00b7 Nos dois primeiros meses do ano, a redu\u00e7\u00e3o de homic\u00eddios Regi\u00e3o Metropolitana de Salvador foi de 12,6% . Os dados foram apresentados hoje, na primeira reuni\u00e3o peri\u00f3dica de 2015 do Comit\u00ea Executivo do Pacto pela Vida. Os n\u00fameros s\u00e3o um sinal positivo, pelo qual parabenizo a todos que atuam entre [&hellip;]<\/p>\n","protected":false},"author":2,"featured_media":0,"comment_status":"open","ping_status":"open","sticky":false,"template":"","format":"standard","meta":{"footnotes":""},"categories":[1],"tags":[],"class_list":{"0":"post-1145","1":"post","2":"type-post","3":"status-publish","4":"format-standard","6":"category-destaques"},"_links":{"self":[{"href":"https:\/\/portaldenoticias.net\/deusimar\/wp-json\/wp\/v2\/posts\/1145","targetHints":{"allow":["GET"]}}],"collection":[{"href":"https:\/\/portaldenoticias.net\/deusimar\/wp-json\/wp\/v2\/posts"}],"about":[{"href":"https:\/\/portaldenoticias.net\/deusimar\/wp-json\/wp\/v2\/types\/post"}],"author":[{"embeddable":true,"href":"https:\/\/portaldenoticias.net\/deusimar\/wp-json\/wp\/v2\/users\/2"}],"replies":[{"embeddable":true,"href":"https:\/\/portaldenoticias.net\/deusimar\/wp-json\/wp\/v2\/comments?post=1145"}],"version-history":[{"count":0,"href":"https:\/\/portaldenoticias.net\/deusimar\/wp-json\/wp\/v2\/posts\/1145\/revisions"}],"wp:attachment":[{"href":"https:\/\/portaldenoticias.net\/deusimar\/wp-json\/wp\/v2\/media?parent=1145"}],"wp:term":[{"taxonomy":"category","embeddable":true,"href":"https:\/\/portaldenoticias.net\/deusimar\/wp-json\/wp\/v2\/categories?post=1145"},{"taxonomy":"post_tag","embeddable":true,"href":"https:\/\/portaldenoticias.net\/deusimar\/wp-json\/wp\/v2\/tags?post=1145"}],"curies":[{"name":"wp","href":"https:\/\/api.w.org\/{rel}","templated":true}]}}