{"id":1142,"date":"2015-03-09T23:32:09","date_gmt":"2015-03-10T02:32:09","guid":{"rendered":"http:\/\/www.portaldenoticias.net\/deusimar\/?p=1142"},"modified":"2015-03-09T23:32:09","modified_gmt":"2015-03-10T02:32:09","slug":"novo-governador-vai-se-fazer-presente-amanha10-no-municipio-de-aracas-entregando-obras-e-vistando-escolas","status":"publish","type":"post","link":"https:\/\/portaldenoticias.net\/deusimar\/novo-governador-vai-se-fazer-presente-amanha10-no-municipio-de-aracas-entregando-obras-e-vistando-escolas\/","title":{"rendered":"NOVO GOVERNADOR VAI SE FAZER PRESENTE AMANHA(10), NO MUNIC\u00cdPIO DE ARA\u00c7AS ENTREGANDO OBRAS E VISTANDO ESCOLAS."},"content":{"rendered":"<p><img loading=\"lazy\" decoding=\"async\" src=\"http:\/\/www.portaldenoticias.net\/deusimar\/wp-content\/uploads\/2015\/02\/RUI-COSTA-IMAGEM-GRANDE-DO-FACE..png\" alt=\"RUI COSTA IMAGEM GRANDE DO FACE.\" width=\"160\" height=\"160\" class=\"alignleft size-full wp-image-832\" srcset=\"https:\/\/portaldenoticias.net\/deusimar\/wp-content\/uploads\/2015\/02\/RUI-COSTA-IMAGEM-GRANDE-DO-FACE..png 160w, https:\/\/portaldenoticias.net\/deusimar\/wp-content\/uploads\/2015\/02\/RUI-COSTA-IMAGEM-GRANDE-DO-FACE.-150x150.png 150w\" sizes=\"auto, (max-width: 160px) 100vw, 160px\" \/><br \/>\nRui Costa<br \/>\n2 h \u00b7<br \/>\nO munic\u00edpio de Ara\u00e7\u00e1s, regi\u00e3o do agreste baiano vai ganhar 40 novos lares do programa Minha Casa Minha Vida. Participo da entrega amanh\u00e3, \u00e0s 9h30, e depois, vamos inaugurar pavimenta\u00e7\u00e3o de ruas da cidade. No roteiro de visitas do \u202a#\u200ePactoPelaEduca\u00e7\u00e3o\u202c, irei a duas institui\u00e7\u00f5es: Col\u00e9gio Estadual de Ara\u00e7\u00e1s e \u00e0 Escola Marcio Borges. \u202a#\u200ePartiuAra\u00e7as\u202c<\/p>\n<p><img loading=\"lazy\" decoding=\"async\" src=\"http:\/\/www.portaldenoticias.net\/deusimar\/wp-content\/uploads\/2015\/03\/Acoes-do-governo-para-Aracas-450x450.png\" alt=\"Acoes do governo para Aracas\" width=\"450\" height=\"450\" class=\"alignleft size-medium wp-image-1143\" srcset=\"https:\/\/portaldenoticias.net\/deusimar\/wp-content\/uploads\/2015\/03\/Acoes-do-governo-para-Aracas-450x450.png 450w, https:\/\/portaldenoticias.net\/deusimar\/wp-content\/uploads\/2015\/03\/Acoes-do-governo-para-Aracas-150x150.png 150w, https:\/\/portaldenoticias.net\/deusimar\/wp-content\/uploads\/2015\/03\/Acoes-do-governo-para-Aracas.png 480w\" sizes=\"auto, (max-width: 450px) 100vw, 450px\" \/><\/p>\n<p>COLABORA\u00c7\u00c3O COMPLEMENTOS DOS:<br \/>\n<img loading=\"lazy\" decoding=\"async\" src=\"http:\/\/www.portaldenoticias.net\/deusimar\/wp-content\/uploads\/2015\/02\/CARTAO-DE-VISITA-DEUSIMAR-450x250.jpg\" alt=\"CARTAO DE VISITA DEUSIMAR\" width=\"450\" height=\"250\" class=\"alignleft size-medium wp-image-849\" srcset=\"https:\/\/portaldenoticias.net\/deusimar\/wp-content\/uploads\/2015\/02\/CARTAO-DE-VISITA-DEUSIMAR-450x250.jpg 450w, https:\/\/portaldenoticias.net\/deusimar\/wp-content\/uploads\/2015\/02\/CARTAO-DE-VISITA-DEUSIMAR-640x356.jpg 640w, https:\/\/portaldenoticias.net\/deusimar\/wp-content\/uploads\/2015\/02\/CARTAO-DE-VISITA-DEUSIMAR.jpg 1062w\" sizes=\"auto, (max-width: 450px) 100vw, 450px\" \/><\/p>\n","protected":false},"excerpt":{"rendered":"<p>Rui Costa 2 h \u00b7 O munic\u00edpio de Ara\u00e7\u00e1s, regi\u00e3o do agreste baiano vai ganhar 40 novos lares do programa Minha Casa Minha Vida. Participo da entrega amanh\u00e3, \u00e0s 9h30, e depois, vamos inaugurar pavimenta\u00e7\u00e3o de ruas da cidade. No roteiro de visitas do \u202a#\u200ePactoPelaEduca\u00e7\u00e3o\u202c, irei a duas institui\u00e7\u00f5es: Col\u00e9gio Estadual de Ara\u00e7\u00e1s e \u00e0 [&hellip;]<\/p>\n","protected":false},"author":2,"featured_media":0,"comment_status":"open","ping_status":"open","sticky":false,"template":"","format":"standard","meta":{"footnotes":""},"categories":[1],"tags":[],"class_list":{"0":"post-1142","1":"post","2":"type-post","3":"status-publish","4":"format-standard","6":"category-destaques"},"_links":{"self":[{"href":"https:\/\/portaldenoticias.net\/deusimar\/wp-json\/wp\/v2\/posts\/1142","targetHints":{"allow":["GET"]}}],"collection":[{"href":"https:\/\/portaldenoticias.net\/deusimar\/wp-json\/wp\/v2\/posts"}],"about":[{"href":"https:\/\/portaldenoticias.net\/deusimar\/wp-json\/wp\/v2\/types\/post"}],"author":[{"embeddable":true,"href":"https:\/\/portaldenoticias.net\/deusimar\/wp-json\/wp\/v2\/users\/2"}],"replies":[{"embeddable":true,"href":"https:\/\/portaldenoticias.net\/deusimar\/wp-json\/wp\/v2\/comments?post=1142"}],"version-history":[{"count":0,"href":"https:\/\/portaldenoticias.net\/deusimar\/wp-json\/wp\/v2\/posts\/1142\/revisions"}],"wp:attachment":[{"href":"https:\/\/portaldenoticias.net\/deusimar\/wp-json\/wp\/v2\/media?parent=1142"}],"wp:term":[{"taxonomy":"category","embeddable":true,"href":"https:\/\/portaldenoticias.net\/deusimar\/wp-json\/wp\/v2\/categories?post=1142"},{"taxonomy":"post_tag","embeddable":true,"href":"https:\/\/portaldenoticias.net\/deusimar\/wp-json\/wp\/v2\/tags?post=1142"}],"curies":[{"name":"wp","href":"https:\/\/api.w.org\/{rel}","templated":true}]}}