{"id":1132,"date":"2015-03-09T20:19:23","date_gmt":"2015-03-09T23:19:23","guid":{"rendered":"http:\/\/www.portaldenoticias.net\/deusimar\/?p=1132"},"modified":"2015-03-10T11:21:39","modified_gmt":"2015-03-10T14:21:39","slug":"novo-governador-declara-em-seu-facebook-que-o-pilar-da-educacao-vai-estar-sempre-na-linha-de-frente-das-acoes-do-governo-de-nossa-linda-e-extensa-bahia","status":"publish","type":"post","link":"https:\/\/portaldenoticias.net\/deusimar\/novo-governador-declara-em-seu-facebook-que-o-pilar-da-educacao-vai-estar-sempre-na-linha-de-frente-das-acoes-do-governo-de-nossa-linda-e-extensa-bahia\/","title":{"rendered":"NOVO GOVERNADOR DECLARA EM SEU FACEBOOK QUE O PILAR DA EDUCA\u00c7\u00c3O VAI ESTAR SEMPRE NA LINHA DE FRENTE DAS A\u00c7\u00d5ES DO GOVERNO DE NOSSA LINDA E EXTENSA BAHIA."},"content":{"rendered":"<p><img loading=\"lazy\" decoding=\"async\" src=\"http:\/\/www.portaldenoticias.net\/deusimar\/wp-content\/uploads\/2015\/02\/RUI-COSTA-IMAGEM-GRANDE-DO-FACE..png\" alt=\"RUI COSTA IMAGEM GRANDE DO FACE.\" width=\"160\" height=\"160\" class=\"alignleft size-full wp-image-832\" srcset=\"https:\/\/portaldenoticias.net\/deusimar\/wp-content\/uploads\/2015\/02\/RUI-COSTA-IMAGEM-GRANDE-DO-FACE..png 160w, https:\/\/portaldenoticias.net\/deusimar\/wp-content\/uploads\/2015\/02\/RUI-COSTA-IMAGEM-GRANDE-DO-FACE.-150x150.png 150w\" sizes=\"auto, (max-width: 160px) 100vw, 160px\" \/><\/p>\n<p>Rui Costa<br \/>\n5 h \u00b7<br \/>\nA \u202a#\u200eEduca\u00e7\u00e3o\u202c est\u00e1 no centro do meu governo porque s\u00f3 ela \u00e9 capaz de dar um salto de desenvolvimento para a Bahia. A abertura do ano letivo \u00e9 um momento espacial, significa iniciar essa jornada para a qual tenho pedido o apoio dos servidores, das fam\u00edlias, dos empres\u00e1rios e das escolas. No dia 30, vamos lan\u00e7ar o \u202a#\u200ePactoPelaEduca\u00e7\u00e3o\u202c, que vai envolver metas de melhorias dos indicadores, compromissos de melhoria da estrutura f\u00edsica das escolas e, principalmente, de envolvimento das fam\u00edlias. Conto com voc\u00eas: m\u00e3es, pais, professores, diretores, coordenadores e de toda sociedade por uma educa\u00e7\u00e3o p\u00fablica de qualidade<\/p>\n<p><img loading=\"lazy\" decoding=\"async\" src=\"http:\/\/www.portaldenoticias.net\/deusimar\/wp-content\/uploads\/2015\/03\/DEUSIMAR-E-CLAUDIO-VIEIRA.jpg\" alt=\"DEUSIMAR E CLAUDIO VIEIRA\" width=\"259\" height=\"194\" class=\"alignleft size-full wp-image-1045\" srcset=\"https:\/\/portaldenoticias.net\/deusimar\/wp-content\/uploads\/2015\/03\/DEUSIMAR-E-CLAUDIO-VIEIRA.jpg 259w, https:\/\/portaldenoticias.net\/deusimar\/wp-content\/uploads\/2015\/03\/DEUSIMAR-E-CLAUDIO-VIEIRA-174x131.jpg 174w, https:\/\/portaldenoticias.net\/deusimar\/wp-content\/uploads\/2015\/03\/DEUSIMAR-E-CLAUDIO-VIEIRA-70x53.jpg 70w\" sizes=\"auto, (max-width: 259px) 100vw, 259px\" \/><\/p>\n<p>Correta;muito correta e corret\u00edssima a tomada de decis\u00e3o de nosso NOVO GOVERNADOR, em priorizar o pilar da educa\u00e7\u00e3o, o respons\u00e1vel pela estrutura  da sociedade, sempre na linha de frente de todas as a\u00e7\u00f5es do governo de nossa linda e extensa Bahia. Para o pilar da educa\u00e7\u00e3o andar a passos largos, acreditamos que a continuidade da expans\u00e3o do ensino de n\u00edvel superior a exemplo da implanta\u00e7\u00e3o de nossa UFNB-Universidade Federal do Nordeste da Bahia,dando-se prioridade aos cursos de Agronomia; Ci\u00eancias Agr\u00e1rias, Veterin\u00e1ria;enfim, a todos os outros cursos similares que venham contribuir para a explora\u00e7\u00e3o do maior potencial de nosso estado, a AGROPECU\u00c1RIA.Assim acontecendo, teremos como certo  num futuro bem pr\u00f3ximo, uma ampla produ\u00e7\u00e3o de alimentos,que vai amenizar o estrago da pior doen\u00e7a da humanidade e dos animais tamb\u00e9m, a maldita da FOME gastando-se menos na \u00e1rea da sa\u00fade porque o povo vai adoecer menos e na pr\u00f3pria educa\u00e7\u00e3o porque o alunado vai aprender mais. Ainda haveremos de contar como certo, a gera\u00e7\u00e3o de emprego e renda no campo com o retorno de nosso povo que est\u00e3o nos grandes centros, e l\u00e1 a Seguran\u00e7a P\u00fablica vai ficar muito nais dispon\u00edvel para  aqueles que efetivamente s\u00e3o dos grandes centros. Contribui\u00e7\u00e3o de: Jos\u00e9 Deusimar Loiola Gon\u00e7alves<br \/>\nApicultor Meliponicultor,Diretor de Comunica\u00e7\u00e3o da FEBAMEL,,e P\u00f3s Graduado em Gest\u00e3o e Educa\u00e7\u00e3o Ambiental &#8211; EBDA Monte Santo<br \/>\n(75) 9131-0784\/ 9998-0025<\/p>\n<p>COLABORA\u00c7\u00c3O E COMPLEMENTOS DOS:<br \/>\n<img loading=\"lazy\" decoding=\"async\" src=\"http:\/\/www.portaldenoticias.net\/deusimar\/wp-content\/uploads\/2015\/02\/CARTAO-DE-VISITA-DEUSIMAR-450x250.jpg\" alt=\"CARTAO DE VISITA DEUSIMAR\" width=\"450\" height=\"250\" class=\"alignleft size-medium wp-image-849\" srcset=\"https:\/\/portaldenoticias.net\/deusimar\/wp-content\/uploads\/2015\/02\/CARTAO-DE-VISITA-DEUSIMAR-450x250.jpg 450w, https:\/\/portaldenoticias.net\/deusimar\/wp-content\/uploads\/2015\/02\/CARTAO-DE-VISITA-DEUSIMAR-640x356.jpg 640w, https:\/\/portaldenoticias.net\/deusimar\/wp-content\/uploads\/2015\/02\/CARTAO-DE-VISITA-DEUSIMAR.jpg 1062w\" sizes=\"auto, (max-width: 450px) 100vw, 450px\" \/><\/p>\n","protected":false},"excerpt":{"rendered":"<p>Rui Costa 5 h \u00b7 A \u202a#\u200eEduca\u00e7\u00e3o\u202c est\u00e1 no centro do meu governo porque s\u00f3 ela \u00e9 capaz de dar um salto de desenvolvimento para a Bahia. A abertura do ano letivo \u00e9 um momento espacial, significa iniciar essa jornada para a qual tenho pedido o apoio dos servidores, das fam\u00edlias, dos empres\u00e1rios e das [&hellip;]<\/p>\n","protected":false},"author":2,"featured_media":0,"comment_status":"open","ping_status":"open","sticky":false,"template":"","format":"standard","meta":{"footnotes":""},"categories":[1],"tags":[],"class_list":{"0":"post-1132","1":"post","2":"type-post","3":"status-publish","4":"format-standard","6":"category-destaques"},"_links":{"self":[{"href":"https:\/\/portaldenoticias.net\/deusimar\/wp-json\/wp\/v2\/posts\/1132","targetHints":{"allow":["GET"]}}],"collection":[{"href":"https:\/\/portaldenoticias.net\/deusimar\/wp-json\/wp\/v2\/posts"}],"about":[{"href":"https:\/\/portaldenoticias.net\/deusimar\/wp-json\/wp\/v2\/types\/post"}],"author":[{"embeddable":true,"href":"https:\/\/portaldenoticias.net\/deusimar\/wp-json\/wp\/v2\/users\/2"}],"replies":[{"embeddable":true,"href":"https:\/\/portaldenoticias.net\/deusimar\/wp-json\/wp\/v2\/comments?post=1132"}],"version-history":[{"count":0,"href":"https:\/\/portaldenoticias.net\/deusimar\/wp-json\/wp\/v2\/posts\/1132\/revisions"}],"wp:attachment":[{"href":"https:\/\/portaldenoticias.net\/deusimar\/wp-json\/wp\/v2\/media?parent=1132"}],"wp:term":[{"taxonomy":"category","embeddable":true,"href":"https:\/\/portaldenoticias.net\/deusimar\/wp-json\/wp\/v2\/categories?post=1132"},{"taxonomy":"post_tag","embeddable":true,"href":"https:\/\/portaldenoticias.net\/deusimar\/wp-json\/wp\/v2\/tags?post=1132"}],"curies":[{"name":"wp","href":"https:\/\/api.w.org\/{rel}","templated":true}]}}