{"id":1128,"date":"2015-03-09T12:42:14","date_gmt":"2015-03-09T15:42:14","guid":{"rendered":"http:\/\/www.portaldenoticias.net\/deusimar\/?p=1128"},"modified":"2015-03-09T12:42:14","modified_gmt":"2015-03-09T15:42:14","slug":"coluna-do-agenor-o-brasil-em-dois-tempos","status":"publish","type":"post","link":"https:\/\/portaldenoticias.net\/deusimar\/coluna-do-agenor-o-brasil-em-dois-tempos\/","title":{"rendered":"COLUNA DO AGENOR \u2013 O BRASIL EM DOIS TEMPOS."},"content":{"rendered":"<p>COLUNA DO AGENOR \u2013 O BRASIL EM DOIS TEMPOS<br \/>\nPublicado em 8 de mar\u00e7o de 2015 por Florisvaldo em Brasil, Destaques, Economia, Opini\u00e3o, Pol\u00edtica, \u00daltimas Not\u00edcias \/\/ 0 coment\u00e1rios<br \/>\nAAAUNI<\/p>\n<p>AAASS2<br \/>\n<img loading=\"lazy\" decoding=\"async\" src=\"http:\/\/www.portaldenoticias.net\/deusimar\/wp-content\/uploads\/2015\/03\/IMAGEM-COLUNA-DO-AGENOR1.jpg\" alt=\"IMAGEM COLUNA DO AGENOR1\" width=\"311\" height=\"162\" class=\"alignleft size-full wp-image-1129\" \/><\/p>\n<p><img loading=\"lazy\" decoding=\"async\" src=\"http:\/\/www.portaldenoticias.net\/deusimar\/wp-content\/uploads\/2015\/03\/COLUNA-DO-AGENOR.jpg\" alt=\"COLUNA DO AGENOR\" width=\"227\" height=\"222\" class=\"alignleft size-full wp-image-1130\" \/><\/p>\n<p>N\u00e3o tenho d\u00favidas e, obviamente, o leitor racional e ponderado tamb\u00e9m n\u00e3o tem, de que os efeitos danosos de uma crise econ\u00f4mica atingem a todos com profundidade, ferindo no cerne \u00e0s fam\u00edlias cujas responsabilidades s\u00e3o muito grandes para prover o alimento, a sa\u00fade, a educa\u00e7\u00e3o dos filhos, o vestu\u00e1rio, o transporte e outros custos mais do dia a dia, e, \u00e0s vezes, tendo como renda familiar apenas um ou dois sal\u00e1rios m\u00ednimos\u2026! A\u00ed, sim, pode-se afirmar, que n\u00e3o precisa ir \u00e0 Igreja para ver milagres porque eles acontecem, diariamente, dentro do pr\u00f3prio lar de cada trabalhador brasileiro\u2026!<\/p>\n<p>Essa realidade vivida por milh\u00f5es de brasileiros, torna-se mais grave e dolorosa quando se ouve not\u00edcias de demiss\u00f5es de trabalhadores, outros mais que choram durante entrevistas porque aos 50 anos de idade se encontram h\u00e1 meses \u00e0 procura de emprego e n\u00e3o acham. Os setores produtivos, est\u00e3o sinalizando redu\u00e7\u00e3o no n\u00edvel de produ\u00e7\u00e3o face queda nas vendas. Tudo isso \u00e9 sintom\u00e1tico de que a recess\u00e3o econ\u00f4mica j\u00e1 \u00e9 uma realidade ou que vivemos o equ\u00edvoco de um recente conto de fadas, iludidos por uma propaganda oficial enganosa sobre n\u00fameros otimistas, mas n\u00e3o verdadeiros! O Ministro da Fazenda atual considerou \u201cgrosseria e brincadeira\u201d certas pr\u00e1ticas econ\u00f4micas adotadas na gest\u00e3o anterior da pr\u00f3pria Presidente, o que demonstra certo desencontro de princ\u00edpios econ\u00f4micos entre os dois Ministros, ou seja, entre eles mesmos.<\/p>\n<p>O que mais desencanta o brasileiro, \u00e9 ver que os pol\u00edticos e administradores que o povo elege, em todos os n\u00edveis, parece que vivem numa outra gal\u00e1xia e de l\u00e1 do alto, curtem as benesses de um Brasil Gal\u00e1ctico diferente, onde h\u00e1 abund\u00e2ncia de recursos oriundos dos tributos que o povo do Brasil Terr\u00e1queo paga, e assim eles gastam como querem, sem limites: deslocam-se no Boeing oficial em comitiva presidencial para inaugurar obras que bastavam estar presentes o Governador do Estado e o Presidente da Assembleia Legislativa, ou o Prefeito e seus Vereadores, nunca a Presid\u00eancia da Rep\u00fablica ou Ministros, mas o objetivo de alavancar imagens de partid\u00e1rios \u00e9 maior; e tem ainda o injustific\u00e1vel, que s\u00e3o as centenas de voos de parlamentares que usam os avi\u00f5es da For\u00e7a A\u00e9rea em deslocamentos entre os Estados, num acintoso abuso; o presidente do Senado, Renan Calheiros, por exemplo, utilizou aeronave oficial para fazer o seu implante de cabelo em 15 e 16.06.2013, de Bras\u00edlia para Macei\u00f3-AL e em seguida a Porto Seguro-BA, o que foi considerado pelo Minist\u00e9rio P\u00fablico como improbidade administrativa, que \u00e9 a penalidade e o conceito jur\u00eddico que bem define os desatinos que s\u00e3o cometidos na vida p\u00fablica.<\/p>\n<p>O povo sofre para ajustar os seus gastos ao or\u00e7amento familiar, mas os gestores p\u00fablicos n\u00e3o reduzem as suas despesas administrativas e nem com pessoal. Mesmo diante dessa crise, n\u00e3o foi reduzido nenhum Minist\u00e9rio dos 39 existentes e nenhuma das 10 Secretarias com status de Minist\u00e9rio, o que significa, a rigor, que temos 49 Minist\u00e9rios, num modelo de puro empreguismo nocivo \u00e0 administra\u00e7\u00e3o federal\u2026! Como os cargos s\u00e3o utilizados para as barganhas com a base pol\u00edtica, h\u00e1 Ministros que sequer s\u00e3o convidados pela Presidente para reuni\u00f5es administrativas, pela inutilidade que representam na equipe.<\/p>\n<p>Em meio a tudo isso, percebe-se que h\u00e1 um descompasso entre a realidade do momento e as decis\u00f5es adotadas pelos Poderes Executivo e Legislativo, uma vez que o que mais se v\u00ea, atualmente, s\u00e3o iniciativas que aumentam as despesas do or\u00e7amento p\u00fablico. Vale relembrar: a Mesa da C\u00e2mara dos Deputados resolveu custear as despesas com passagens a\u00e9reas de c\u00f4njuges dos parlamentares (como a indigna\u00e7\u00e3o geral foi intensa, o Presidente da C\u00e2mara j\u00e1 voltou atr\u00e1s na sua decis\u00e3o); tamb\u00e9m os seus sal\u00e1rios foram aumentados; a Assembleia Legislativa da Bahia aumentou os sal\u00e1rios dos seus deputados, do Governador, Vice-Governador e Secret\u00e1rios na virada do ano de 2014; aprovou que os ex-governadores passar\u00e3o a ter servi\u00e7os de motorista e seguran\u00e7a para todo o sempre (am\u00e9m\u2026!); e, ainda, aprovou o sal\u00e1rio vital\u00edcio (!) para todos os ex-governadores que tenham cumprido quatro anos de mandato! Apenas quatro aninhos de governo e uma folgada aposentadoria\u2026! \u00c9 ou n\u00e3o, caro leitor, uma indec\u00eancia? Da\u00ed, volta a pergunta que n\u00e3o quer calar: algu\u00e9m acredita que esses pol\u00edticos e autoridades s\u00e3o mesmo desse nosso Brasil Terr\u00e1queo ou do Brasil Gal\u00e1ctico, que est\u00e3o l\u00e1 em cima na estratosfera e apenas durante as elei\u00e7\u00f5es descem at\u00e9 aqui?<\/p>\n<p>O conjunto de tudo isso afeta profundamente a sensibilidade das pessoas\u2026 Tanto \u00e9 verdade, que temos presenciado em filas de bancos e loterias, principalmente, desabafos de brasileiros com express\u00f5es at\u00e9 mesmo pouco elegantes com a nossa p\u00e1tria, cujas manifesta\u00e7\u00f5es evidenciam um estado de esp\u00edrito de revolta, tristeza e total descr\u00e9dito no discurso que ouvem. Nenhuma medida oficial encontrar\u00e1 apoio e acolhimento da popula\u00e7\u00e3o, se n\u00e3o houver atitudes coerentes e respons\u00e1veis que demonstrem uma inten\u00e7\u00e3o verdadeira de mudan\u00e7a dos rumos atuais. Todavia, qualquer tentativa de revers\u00e3o desse quadro com predomin\u00e2ncia das ambi\u00e7\u00f5es pessoais ou dos interesses partid\u00e1rios, n\u00e3o importa se dos que est\u00e3o no governo ou na oposi\u00e7\u00e3o, simplesmente confirma ser verdadeira a afirmativa de que \u201cs\u00e3o todos farinha do mesmo saco\u201d, como repete sempre um amigo meu, fil\u00f3sofo piauiense.<\/p>\n<p><img loading=\"lazy\" decoding=\"async\" src=\"http:\/\/www.portaldenoticias.net\/deusimar\/wp-content\/uploads\/2015\/01\/z9.jpg\" alt=\"z9\" width=\"291\" height=\"293\" class=\"alignleft size-full wp-image-43\" srcset=\"https:\/\/portaldenoticias.net\/deusimar\/wp-content\/uploads\/2015\/01\/z9.jpg 291w, https:\/\/portaldenoticias.net\/deusimar\/wp-content\/uploads\/2015\/01\/z9-150x150.jpg 150w\" sizes=\"auto, (max-width: 291px) 100vw, 291px\" \/><br \/>\nAutor:   Adm.  Agenor Santos, P\u00f3s-Gradua\u00e7\u00e3o Lato Sensu em Controle, Monitoramento e Avalia\u00e7\u00e3o no Setor P\u00fablico \u2013 Salvador \u2013 BA.<\/p>\n<p>Blog do Florisvaldo \u2013 Informa\u00e7\u00e3o com imparcialidade \u2013 08\/03\/2015<\/p>\n<p>Florisvaldo Ferreira dos Santos<\/p>\n<p>Consultor de Seguros e Benef\u00edcios<\/p>\n<p>Compartilhar no Facebook<\/p>\n","protected":false},"excerpt":{"rendered":"<p>COLUNA DO AGENOR \u2013 O BRASIL EM DOIS TEMPOS Publicado em 8 de mar\u00e7o de 2015 por Florisvaldo em Brasil, Destaques, Economia, Opini\u00e3o, Pol\u00edtica, \u00daltimas Not\u00edcias \/\/ 0 coment\u00e1rios AAAUNI AAASS2 N\u00e3o tenho d\u00favidas e, obviamente, o leitor racional e ponderado tamb\u00e9m n\u00e3o tem, de que os efeitos danosos de uma crise econ\u00f4mica atingem a [&hellip;]<\/p>\n","protected":false},"author":2,"featured_media":0,"comment_status":"open","ping_status":"open","sticky":false,"template":"","format":"standard","meta":{"footnotes":""},"categories":[1],"tags":[],"class_list":{"0":"post-1128","1":"post","2":"type-post","3":"status-publish","4":"format-standard","6":"category-destaques"},"_links":{"self":[{"href":"https:\/\/portaldenoticias.net\/deusimar\/wp-json\/wp\/v2\/posts\/1128","targetHints":{"allow":["GET"]}}],"collection":[{"href":"https:\/\/portaldenoticias.net\/deusimar\/wp-json\/wp\/v2\/posts"}],"about":[{"href":"https:\/\/portaldenoticias.net\/deusimar\/wp-json\/wp\/v2\/types\/post"}],"author":[{"embeddable":true,"href":"https:\/\/portaldenoticias.net\/deusimar\/wp-json\/wp\/v2\/users\/2"}],"replies":[{"embeddable":true,"href":"https:\/\/portaldenoticias.net\/deusimar\/wp-json\/wp\/v2\/comments?post=1128"}],"version-history":[{"count":0,"href":"https:\/\/portaldenoticias.net\/deusimar\/wp-json\/wp\/v2\/posts\/1128\/revisions"}],"wp:attachment":[{"href":"https:\/\/portaldenoticias.net\/deusimar\/wp-json\/wp\/v2\/media?parent=1128"}],"wp:term":[{"taxonomy":"category","embeddable":true,"href":"https:\/\/portaldenoticias.net\/deusimar\/wp-json\/wp\/v2\/categories?post=1128"},{"taxonomy":"post_tag","embeddable":true,"href":"https:\/\/portaldenoticias.net\/deusimar\/wp-json\/wp\/v2\/tags?post=1128"}],"curies":[{"name":"wp","href":"https:\/\/api.w.org\/{rel}","templated":true}]}}