{"id":1125,"date":"2015-03-09T12:17:11","date_gmt":"2015-03-09T15:17:11","guid":{"rendered":"http:\/\/www.portaldenoticias.net\/deusimar\/?p=1125"},"modified":"2015-03-09T12:17:11","modified_gmt":"2015-03-09T15:17:11","slug":"novo-governador-festejando-com-o-alunado-da-escola-parque-o-retorno-as-aulas-de-mais-um-a-no-letivo","status":"publish","type":"post","link":"https:\/\/portaldenoticias.net\/deusimar\/novo-governador-festejando-com-o-alunado-da-escola-parque-o-retorno-as-aulas-de-mais-um-a-no-letivo\/","title":{"rendered":"NOVO GOVERNADOR  FESTEJANDO COM O ALUNADO DA ESCOLA PARQUE  O RETORNO \u00c0S AULAS DE  MAIS UM A NO LETIVO"},"content":{"rendered":"<p><img loading=\"lazy\" decoding=\"async\" src=\"http:\/\/www.portaldenoticias.net\/deusimar\/wp-content\/uploads\/2015\/02\/RUI-COSTA-IMAGEM-GRANDE-DO-FACE..png\" alt=\"RUI COSTA IMAGEM GRANDE DO FACE.\" width=\"160\" height=\"160\" class=\"alignleft size-full wp-image-832\" srcset=\"https:\/\/portaldenoticias.net\/deusimar\/wp-content\/uploads\/2015\/02\/RUI-COSTA-IMAGEM-GRANDE-DO-FACE..png 160w, https:\/\/portaldenoticias.net\/deusimar\/wp-content\/uploads\/2015\/02\/RUI-COSTA-IMAGEM-GRANDE-DO-FACE.-150x150.png 150w\" sizes=\"auto, (max-width: 160px) 100vw, 160px\" \/><br \/>\nRui Costa<br \/>\n45 min \u00b7 Editado \u00b7<br \/>\nO ano letivo na nossa rede estadual come\u00e7ou! Estou feliz e determinado ao trabalho para que os filhos e filhas da Bahia tenham uma educa\u00e7\u00e3o p\u00fablica de qualidade. Ao chegar ao Centro Educacional Carneiro Ribeiro, a chamada Escola Parque, tive a certeza de que n\u00e3o estou sozinho para alcan\u00e7ar este objetivo. Envolver os servidores, os empres\u00e1rios, os alunos e, principalmente, as fam\u00edlias no \u202a#\u200ePactoPelaEduca\u00e7\u00e3o\u202c vai fazer a diferen\u00e7a. Estou certo disso e conto com voc\u00eas.<\/p>\n<p><img loading=\"lazy\" decoding=\"async\" src=\"http:\/\/www.portaldenoticias.net\/deusimar\/wp-content\/uploads\/2015\/03\/Rui-inicio-das-auls.-450x300.jpg\" alt=\"Rui-inicio das auls.\" width=\"450\" height=\"300\" class=\"alignleft size-medium wp-image-1126\" srcset=\"https:\/\/portaldenoticias.net\/deusimar\/wp-content\/uploads\/2015\/03\/Rui-inicio-das-auls.-450x300.jpg 450w, https:\/\/portaldenoticias.net\/deusimar\/wp-content\/uploads\/2015\/03\/Rui-inicio-das-auls..jpg 525w\" sizes=\"auto, (max-width: 450px) 100vw, 450px\" \/><\/p>\n<p>COLABORA\u00c7\u00c3O E COMPLEMENTOS DOS:<br \/>\n<img loading=\"lazy\" decoding=\"async\" src=\"http:\/\/www.portaldenoticias.net\/deusimar\/wp-content\/uploads\/2015\/02\/CARTAO-DE-VISITA-AMPLIADO-DE-DEUSIMAR1-450x250.jpg\" alt=\"CARTAO DE VISITA AMPLIADO DE DEUSIMAR\" width=\"450\" height=\"250\" class=\"alignleft size-medium wp-image-591\" srcset=\"https:\/\/portaldenoticias.net\/deusimar\/wp-content\/uploads\/2015\/02\/CARTAO-DE-VISITA-AMPLIADO-DE-DEUSIMAR1-450x250.jpg 450w, https:\/\/portaldenoticias.net\/deusimar\/wp-content\/uploads\/2015\/02\/CARTAO-DE-VISITA-AMPLIADO-DE-DEUSIMAR1-640x356.jpg 640w, https:\/\/portaldenoticias.net\/deusimar\/wp-content\/uploads\/2015\/02\/CARTAO-DE-VISITA-AMPLIADO-DE-DEUSIMAR1.jpg 1062w\" sizes=\"auto, (max-width: 450px) 100vw, 450px\" \/><\/p>\n","protected":false},"excerpt":{"rendered":"<p>Rui Costa 45 min \u00b7 Editado \u00b7 O ano letivo na nossa rede estadual come\u00e7ou! Estou feliz e determinado ao trabalho para que os filhos e filhas da Bahia tenham uma educa\u00e7\u00e3o p\u00fablica de qualidade. Ao chegar ao Centro Educacional Carneiro Ribeiro, a chamada Escola Parque, tive a certeza de que n\u00e3o estou sozinho para [&hellip;]<\/p>\n","protected":false},"author":2,"featured_media":0,"comment_status":"open","ping_status":"open","sticky":false,"template":"","format":"standard","meta":{"footnotes":""},"categories":[1],"tags":[],"class_list":{"0":"post-1125","1":"post","2":"type-post","3":"status-publish","4":"format-standard","6":"category-destaques"},"_links":{"self":[{"href":"https:\/\/portaldenoticias.net\/deusimar\/wp-json\/wp\/v2\/posts\/1125","targetHints":{"allow":["GET"]}}],"collection":[{"href":"https:\/\/portaldenoticias.net\/deusimar\/wp-json\/wp\/v2\/posts"}],"about":[{"href":"https:\/\/portaldenoticias.net\/deusimar\/wp-json\/wp\/v2\/types\/post"}],"author":[{"embeddable":true,"href":"https:\/\/portaldenoticias.net\/deusimar\/wp-json\/wp\/v2\/users\/2"}],"replies":[{"embeddable":true,"href":"https:\/\/portaldenoticias.net\/deusimar\/wp-json\/wp\/v2\/comments?post=1125"}],"version-history":[{"count":0,"href":"https:\/\/portaldenoticias.net\/deusimar\/wp-json\/wp\/v2\/posts\/1125\/revisions"}],"wp:attachment":[{"href":"https:\/\/portaldenoticias.net\/deusimar\/wp-json\/wp\/v2\/media?parent=1125"}],"wp:term":[{"taxonomy":"category","embeddable":true,"href":"https:\/\/portaldenoticias.net\/deusimar\/wp-json\/wp\/v2\/categories?post=1125"},{"taxonomy":"post_tag","embeddable":true,"href":"https:\/\/portaldenoticias.net\/deusimar\/wp-json\/wp\/v2\/tags?post=1125"}],"curies":[{"name":"wp","href":"https:\/\/api.w.org\/{rel}","templated":true}]}}