{"id":1111,"date":"2015-03-06T00:06:37","date_gmt":"2015-03-06T03:06:37","guid":{"rendered":"http:\/\/www.portaldenoticias.net\/deusimar\/?p=1111"},"modified":"2015-03-06T00:06:57","modified_gmt":"2015-03-06T03:06:57","slug":"novo-governador-anunciou-em-seu-facebook-que-sac-movel-itinerante-percorrera-15-municipios-nesta-1a-quinzena-de-marco","status":"publish","type":"post","link":"https:\/\/portaldenoticias.net\/deusimar\/novo-governador-anunciou-em-seu-facebook-que-sac-movel-itinerante-percorrera-15-municipios-nesta-1a-quinzena-de-marco\/","title":{"rendered":"NOVO GOVERNADOR ANUNCIOU EM SEU FACEBOOK QUE SAC M\u00d3VEL ITINERANTE PERCORRER\u00c1 15 MUNIC\u00cdPIOS NESTA 1\u00aa QUINZENA DE MAR\u00c7O."},"content":{"rendered":"<p><img loading=\"lazy\" decoding=\"async\" src=\"http:\/\/www.portaldenoticias.net\/deusimar\/wp-content\/uploads\/2015\/02\/RUI-COSTA-IMAGEM-GRANDE-DO-FACE..png\" alt=\"RUI COSTA IMAGEM GRANDE DO FACE.\" width=\"160\" height=\"160\" class=\"alignleft size-full wp-image-832\" srcset=\"https:\/\/portaldenoticias.net\/deusimar\/wp-content\/uploads\/2015\/02\/RUI-COSTA-IMAGEM-GRANDE-DO-FACE..png 160w, https:\/\/portaldenoticias.net\/deusimar\/wp-content\/uploads\/2015\/02\/RUI-COSTA-IMAGEM-GRANDE-DO-FACE.-150x150.png 150w\" sizes=\"auto, (max-width: 160px) 100vw, 160px\" \/><\/p>\n<p>Rui Costa<br \/>\n12 h \u00b7<br \/>\nNa primeira quinzena deste m\u00eas a carreta do SAC M\u00f3vel vai visitar 15 munic\u00edpios do interior baiano orefecendo emiss\u00e3o de carteira de identidade (RG), da certid\u00e3o negativa de antecedentes criminais e do CPF, al\u00e9m dos servi\u00e7os da Previd\u00eancia Estadual e da Ouvidoria Geral do Estado (OGE). O acesso a documenta\u00e7\u00e3o \u00e9 essencial para garantir cidadia e direitos \u00e0 popula\u00e7\u00e3o. Com documentos, os baianos podem acessar pol\u00edticas p\u00fablicas e programas do Governo. O atendimento \u00e9 sempre das 8 \u00e0s 18h. Saiba o roteiro: http:\/\/bit.ly\/1B6Uq2i<\/p>\n<p><img loading=\"lazy\" decoding=\"async\" src=\"http:\/\/www.portaldenoticias.net\/deusimar\/wp-content\/uploads\/2015\/03\/SAC-MOVEL-450x450.jpg\" alt=\"SAC MOVEL\" width=\"450\" height=\"450\" class=\"alignleft size-medium wp-image-1112\" srcset=\"https:\/\/portaldenoticias.net\/deusimar\/wp-content\/uploads\/2015\/03\/SAC-MOVEL-450x450.jpg 450w, https:\/\/portaldenoticias.net\/deusimar\/wp-content\/uploads\/2015\/03\/SAC-MOVEL-150x150.jpg 150w, https:\/\/portaldenoticias.net\/deusimar\/wp-content\/uploads\/2015\/03\/SAC-MOVEL.jpg 480w\" sizes=\"auto, (max-width: 450px) 100vw, 450px\" \/><\/p>\n<p>COLABORA\u00c7\u00c3O E COMPLEMENTOS:<br \/>\n<img loading=\"lazy\" decoding=\"async\" src=\"http:\/\/www.portaldenoticias.net\/deusimar\/wp-content\/uploads\/2015\/02\/CARTAO-DE-VISITA-DEUSIMAR-450x250.jpg\" alt=\"CARTAO DE VISITA DEUSIMAR\" width=\"450\" height=\"250\" class=\"alignleft size-medium wp-image-849\" srcset=\"https:\/\/portaldenoticias.net\/deusimar\/wp-content\/uploads\/2015\/02\/CARTAO-DE-VISITA-DEUSIMAR-450x250.jpg 450w, https:\/\/portaldenoticias.net\/deusimar\/wp-content\/uploads\/2015\/02\/CARTAO-DE-VISITA-DEUSIMAR-640x356.jpg 640w, https:\/\/portaldenoticias.net\/deusimar\/wp-content\/uploads\/2015\/02\/CARTAO-DE-VISITA-DEUSIMAR.jpg 1062w\" sizes=\"auto, (max-width: 450px) 100vw, 450px\" \/><\/p>\n","protected":false},"excerpt":{"rendered":"<p>Rui Costa 12 h \u00b7 Na primeira quinzena deste m\u00eas a carreta do SAC M\u00f3vel vai visitar 15 munic\u00edpios do interior baiano orefecendo emiss\u00e3o de carteira de identidade (RG), da certid\u00e3o negativa de antecedentes criminais e do CPF, al\u00e9m dos servi\u00e7os da Previd\u00eancia Estadual e da Ouvidoria Geral do Estado (OGE). O acesso a documenta\u00e7\u00e3o [&hellip;]<\/p>\n","protected":false},"author":2,"featured_media":0,"comment_status":"open","ping_status":"open","sticky":false,"template":"","format":"standard","meta":{"footnotes":""},"categories":[1],"tags":[],"class_list":{"0":"post-1111","1":"post","2":"type-post","3":"status-publish","4":"format-standard","6":"category-destaques"},"_links":{"self":[{"href":"https:\/\/portaldenoticias.net\/deusimar\/wp-json\/wp\/v2\/posts\/1111","targetHints":{"allow":["GET"]}}],"collection":[{"href":"https:\/\/portaldenoticias.net\/deusimar\/wp-json\/wp\/v2\/posts"}],"about":[{"href":"https:\/\/portaldenoticias.net\/deusimar\/wp-json\/wp\/v2\/types\/post"}],"author":[{"embeddable":true,"href":"https:\/\/portaldenoticias.net\/deusimar\/wp-json\/wp\/v2\/users\/2"}],"replies":[{"embeddable":true,"href":"https:\/\/portaldenoticias.net\/deusimar\/wp-json\/wp\/v2\/comments?post=1111"}],"version-history":[{"count":0,"href":"https:\/\/portaldenoticias.net\/deusimar\/wp-json\/wp\/v2\/posts\/1111\/revisions"}],"wp:attachment":[{"href":"https:\/\/portaldenoticias.net\/deusimar\/wp-json\/wp\/v2\/media?parent=1111"}],"wp:term":[{"taxonomy":"category","embeddable":true,"href":"https:\/\/portaldenoticias.net\/deusimar\/wp-json\/wp\/v2\/categories?post=1111"},{"taxonomy":"post_tag","embeddable":true,"href":"https:\/\/portaldenoticias.net\/deusimar\/wp-json\/wp\/v2\/tags?post=1111"}],"curies":[{"name":"wp","href":"https:\/\/api.w.org\/{rel}","templated":true}]}}