{"id":1105,"date":"2015-03-05T22:17:44","date_gmt":"2015-03-06T01:17:44","guid":{"rendered":"http:\/\/www.portaldenoticias.net\/deusimar\/?p=1105"},"modified":"2015-03-06T00:28:27","modified_gmt":"2015-03-06T03:28:27","slug":"novo-governador-orgulhoso-com-nossa-linda-e-extensa-bahia-liderando-o-ranking-nacional-na-emissao-de-daps","status":"publish","type":"post","link":"https:\/\/portaldenoticias.net\/deusimar\/novo-governador-orgulhoso-com-nossa-linda-e-extensa-bahia-liderando-o-ranking-nacional-na-emissao-de-daps\/","title":{"rendered":"NOVO GOVERNADOR ORGULHOSO COM NOSSA LINDA E EXTENSA BAHIA LIDERANDO O RANKING NACIONAL NA EMISS\u00c3O DE DAPs."},"content":{"rendered":"<p><img loading=\"lazy\" decoding=\"async\" src=\"http:\/\/www.portaldenoticias.net\/deusimar\/wp-content\/uploads\/2015\/02\/RUI-COSTA-IMAGEM-GRANDE-DO-FACE..png\" alt=\"RUI COSTA IMAGEM GRANDE DO FACE.\" width=\"160\" height=\"160\" class=\"alignleft size-full wp-image-832\" srcset=\"https:\/\/portaldenoticias.net\/deusimar\/wp-content\/uploads\/2015\/02\/RUI-COSTA-IMAGEM-GRANDE-DO-FACE..png 160w, https:\/\/portaldenoticias.net\/deusimar\/wp-content\/uploads\/2015\/02\/RUI-COSTA-IMAGEM-GRANDE-DO-FACE.-150x150.png 150w\" sizes=\"auto, (max-width: 160px) 100vw, 160px\" \/><\/p>\n<p>Rui Costa<br \/>\n3 h \u00b7 Editado \u00b7<br \/>\nFizemos, em 2012, uma for\u00e7a-tarefa para que os agricultores familiares da Bahia tivessem o documento necess\u00e1rio para ter acesso \u00e0s pol\u00edticas p\u00fablicas que contribuem para o fortalecimento de suas atividades. A chamada DAP &#8211; Declara\u00e7\u00e3o de Aptid\u00e3o ao Pronaf \u2013 \u00e9 o que identifica cada agricultor. A partir dela, o agricultor tem acesso aos programas de cr\u00e9dito rural, compras institucionais e todas as pol\u00edticas p\u00fablicas voltadas para a \u00e1rea. Recebo a informa\u00e7\u00e3o de que a Bahia \u00e9 o estado com o maior n\u00famero de ades\u00e3o com o sentimento de dever cumprido. Conseguimos! S\u00e3o 700 mil DAP\u2019s emitidas; em 2008, t\u00ednhamos pouco mais de 20 mil DAP\u2019s. Isso significa fortalecimento da nossa \u00e1rea rural.<\/p>\n<p><img loading=\"lazy\" decoding=\"async\" src=\"http:\/\/www.portaldenoticias.net\/deusimar\/wp-content\/uploads\/2015\/03\/NOVO-GOVERNADOR-ANUNCIANDO-RESUTADO-DA-EMISSAO-DAS-DAPS.-450x450.jpg\" alt=\"NOVO GOVERNADOR ANUNCIANDO RESUTADO DA EMISSAO DAS DAPS.\" width=\"450\" height=\"450\" class=\"alignleft size-medium wp-image-1106\" srcset=\"https:\/\/portaldenoticias.net\/deusimar\/wp-content\/uploads\/2015\/03\/NOVO-GOVERNADOR-ANUNCIANDO-RESUTADO-DA-EMISSAO-DAS-DAPS.-450x450.jpg 450w, https:\/\/portaldenoticias.net\/deusimar\/wp-content\/uploads\/2015\/03\/NOVO-GOVERNADOR-ANUNCIANDO-RESUTADO-DA-EMISSAO-DAS-DAPS.-150x150.jpg 150w, https:\/\/portaldenoticias.net\/deusimar\/wp-content\/uploads\/2015\/03\/NOVO-GOVERNADOR-ANUNCIANDO-RESUTADO-DA-EMISSAO-DAS-DAPS..jpg 480w\" sizes=\"auto, (max-width: 450px) 100vw, 450px\" \/><\/p>\n<p><img loading=\"lazy\" decoding=\"async\" src=\"http:\/\/www.portaldenoticias.net\/deusimar\/wp-content\/uploads\/2015\/03\/abobora-gigante.jpg\" alt=\"abobora gigante\" width=\"259\" height=\"194\" class=\"alignleft size-full wp-image-1107\" srcset=\"https:\/\/portaldenoticias.net\/deusimar\/wp-content\/uploads\/2015\/03\/abobora-gigante.jpg 259w, https:\/\/portaldenoticias.net\/deusimar\/wp-content\/uploads\/2015\/03\/abobora-gigante-174x131.jpg 174w, https:\/\/portaldenoticias.net\/deusimar\/wp-content\/uploads\/2015\/03\/abobora-gigante-70x53.jpg 70w\" sizes=\"auto, (max-width: 259px) 100vw, 259px\" \/><\/p>\n<p>Jose Deusimar Loiola Gon\u00e7alves Permita-me, digo, permita-nos , nosso NOVO GOVERNADOR , o que seu correligion\u00e1rio e eleitor amigo(2010 e 2012), Deusimar das Abelhas-o modesto t\u00e9cnico de Campo da EBDA-Monte Santo desde 1985, em nome da companheirada da lamentavelmente extinta e liquidada EBDA, vai dizer aqui e agora. Apesar dos problemas que vem se arrastando ao longo dos anos,com nossa velha, porem, sempre operosa EBDA, e esses dados fant\u00e1sticos que V. Excel\u00eancia acabou de publicar em sua p\u00e1gina inicial do face, s\u00e3o frutos da dedica\u00e7\u00e3o e compromisso que sempre tivemos. Vale lembrar, que esta posi\u00e7\u00e3o de destaque de nossa linda Bahia no ranking nacional, sem querer contar vantagens nosso modesto Escrit\u00f3rio Local de Monte Santo , foi sempre l\u00edder em todo o estado na emiss\u00e3o de DAPs, principalmente para a finalidade Garantia Safra(mais de 8.000 cadastradas nesses \u00faltimos 05 anos). Boa Noite!! Jos\u00e9 Deusimar Loiola Gon\u00e7alves<br \/>\nApicultor Meliponicultor,Diretor de Comunica\u00e7\u00e3o da FEBAMEL,,e P\u00f3s Graduado em Gest\u00e3o e Educa\u00e7\u00e3o Ambiental &#8211; EBDA Monte Santo<br \/>\n(75) 9131-0784\/ 9998-0025. NOTE:compartilhado em nosso blog(www.portaldenoticias.net\/deusimar).<\/p>\n<p><img loading=\"lazy\" decoding=\"async\" src=\"http:\/\/www.portaldenoticias.net\/deusimar\/wp-content\/uploads\/2015\/03\/EBDAGARANTIA-SAFRA.jpg\" alt=\"EBDA=GARANTIA SAFRA,\" width=\"444\" height=\"290\" class=\"alignleft size-medium wp-image-1108\" \/><\/p>\n<p>COLABORA\u00c7\u00c3O E COMPLEMENTOS:<br \/>\n<img loading=\"lazy\" decoding=\"async\" src=\"http:\/\/www.portaldenoticias.net\/deusimar\/wp-content\/uploads\/2015\/02\/CARTAO-DE-VISITA-DEUSIMAR-450x250.jpg\" alt=\"CARTAO DE VISITA DEUSIMAR\" width=\"450\" height=\"250\" class=\"alignleft size-medium wp-image-849\" srcset=\"https:\/\/portaldenoticias.net\/deusimar\/wp-content\/uploads\/2015\/02\/CARTAO-DE-VISITA-DEUSIMAR-450x250.jpg 450w, https:\/\/portaldenoticias.net\/deusimar\/wp-content\/uploads\/2015\/02\/CARTAO-DE-VISITA-DEUSIMAR-640x356.jpg 640w, https:\/\/portaldenoticias.net\/deusimar\/wp-content\/uploads\/2015\/02\/CARTAO-DE-VISITA-DEUSIMAR.jpg 1062w\" sizes=\"auto, (max-width: 450px) 100vw, 450px\" \/><\/p>\n","protected":false},"excerpt":{"rendered":"<p>Rui Costa 3 h \u00b7 Editado \u00b7 Fizemos, em 2012, uma for\u00e7a-tarefa para que os agricultores familiares da Bahia tivessem o documento necess\u00e1rio para ter acesso \u00e0s pol\u00edticas p\u00fablicas que contribuem para o fortalecimento de suas atividades. A chamada DAP &#8211; Declara\u00e7\u00e3o de Aptid\u00e3o ao Pronaf \u2013 \u00e9 o que identifica cada agricultor. A partir [&hellip;]<\/p>\n","protected":false},"author":2,"featured_media":0,"comment_status":"open","ping_status":"open","sticky":false,"template":"","format":"standard","meta":{"footnotes":""},"categories":[1],"tags":[],"class_list":{"0":"post-1105","1":"post","2":"type-post","3":"status-publish","4":"format-standard","6":"category-destaques"},"_links":{"self":[{"href":"https:\/\/portaldenoticias.net\/deusimar\/wp-json\/wp\/v2\/posts\/1105","targetHints":{"allow":["GET"]}}],"collection":[{"href":"https:\/\/portaldenoticias.net\/deusimar\/wp-json\/wp\/v2\/posts"}],"about":[{"href":"https:\/\/portaldenoticias.net\/deusimar\/wp-json\/wp\/v2\/types\/post"}],"author":[{"embeddable":true,"href":"https:\/\/portaldenoticias.net\/deusimar\/wp-json\/wp\/v2\/users\/2"}],"replies":[{"embeddable":true,"href":"https:\/\/portaldenoticias.net\/deusimar\/wp-json\/wp\/v2\/comments?post=1105"}],"version-history":[{"count":0,"href":"https:\/\/portaldenoticias.net\/deusimar\/wp-json\/wp\/v2\/posts\/1105\/revisions"}],"wp:attachment":[{"href":"https:\/\/portaldenoticias.net\/deusimar\/wp-json\/wp\/v2\/media?parent=1105"}],"wp:term":[{"taxonomy":"category","embeddable":true,"href":"https:\/\/portaldenoticias.net\/deusimar\/wp-json\/wp\/v2\/categories?post=1105"},{"taxonomy":"post_tag","embeddable":true,"href":"https:\/\/portaldenoticias.net\/deusimar\/wp-json\/wp\/v2\/tags?post=1105"}],"curies":[{"name":"wp","href":"https:\/\/api.w.org\/{rel}","templated":true}]}}