{"id":1100,"date":"2015-03-05T20:23:49","date_gmt":"2015-03-05T23:23:49","guid":{"rendered":"http:\/\/www.portaldenoticias.net\/deusimar\/?p=1100"},"modified":"2015-03-05T20:28:14","modified_gmt":"2015-03-05T23:28:14","slug":"novo-governador-teve-a-tarde-de-hoje-discutindo-as-novas-acoes-para-a-democratizacao-do-acesso-a-agua","status":"publish","type":"post","link":"https:\/\/portaldenoticias.net\/deusimar\/novo-governador-teve-a-tarde-de-hoje-discutindo-as-novas-acoes-para-a-democratizacao-do-acesso-a-agua\/","title":{"rendered":"NOVO GOVERNADOR SE REUNIU HOJE(5), COM A EQUIPE DA SIHS PARA DISCUTIR AS NOVAS A\u00c7\u00d5ES PARA A DEMOCRATIZA\u00c7\u00c3O DO ACESSO A \u00c1GUA."},"content":{"rendered":"<p><img loading=\"lazy\" decoding=\"async\" src=\"http:\/\/www.portaldenoticias.net\/deusimar\/wp-content\/uploads\/2015\/02\/RUI-COSTA-IMAGEM-GRANDE-DO-FACE..png\" alt=\"RUI COSTA IMAGEM GRANDE DO FACE.\" width=\"160\" height=\"160\" class=\"alignleft size-full wp-image-832\" srcset=\"https:\/\/portaldenoticias.net\/deusimar\/wp-content\/uploads\/2015\/02\/RUI-COSTA-IMAGEM-GRANDE-DO-FACE..png 160w, https:\/\/portaldenoticias.net\/deusimar\/wp-content\/uploads\/2015\/02\/RUI-COSTA-IMAGEM-GRANDE-DO-FACE.-150x150.png 150w\" sizes=\"auto, (max-width: 160px) 100vw, 160px\" \/><br \/>\nRui Costa<br \/>\n14 min \u00b7<br \/>\nAs a\u00e7\u00f5es que executamos na entrega de Sistemas de abastecimento de \u00e1gua come\u00e7am em reuni\u00f5es como a que tive hoje, com a Secretaria de Infraestrutura H\u00eddrica e Saneamento (SIHS). Foi uma tarde muito produtiva em que discutimos a situa\u00e7\u00e3o atual e pensamos novas medidas para a democratiza\u00e7\u00e3o do acesso a \u00e1gua na Bahia<\/p>\n<p><img loading=\"lazy\" decoding=\"async\" src=\"http:\/\/www.portaldenoticias.net\/deusimar\/wp-content\/uploads\/2015\/03\/NOVO-GOVERNADOR-E-A-QUESTAO-DA-DESCENTRALIZACOA-DA-AGUA-450x300.jpg\" alt=\"NOVO GOVERNADOR E A QUESTAO DA DESCENTRALIZACOA  DA AGUA\" width=\"450\" height=\"300\" class=\"alignleft size-medium wp-image-1101\" srcset=\"https:\/\/portaldenoticias.net\/deusimar\/wp-content\/uploads\/2015\/03\/NOVO-GOVERNADOR-E-A-QUESTAO-DA-DESCENTRALIZACOA-DA-AGUA-450x300.jpg 450w, https:\/\/portaldenoticias.net\/deusimar\/wp-content\/uploads\/2015\/03\/NOVO-GOVERNADOR-E-A-QUESTAO-DA-DESCENTRALIZACOA-DA-AGUA-640x426.jpg 640w, https:\/\/portaldenoticias.net\/deusimar\/wp-content\/uploads\/2015\/03\/NOVO-GOVERNADOR-E-A-QUESTAO-DA-DESCENTRALIZACOA-DA-AGUA.jpg 960w\" sizes=\"auto, (max-width: 450px) 100vw, 450px\" \/><\/p>\n<p><img loading=\"lazy\" decoding=\"async\" src=\"http:\/\/www.portaldenoticias.net\/deusimar\/wp-content\/uploads\/2015\/03\/DEUSIMAR-E-CLAUDIO-VIEIRA.jpg\" alt=\"DEUSIMAR E CLAUDIO VIEIRA\" width=\"259\" height=\"194\" class=\"alignleft size-full wp-image-1045\" srcset=\"https:\/\/portaldenoticias.net\/deusimar\/wp-content\/uploads\/2015\/03\/DEUSIMAR-E-CLAUDIO-VIEIRA.jpg 259w, https:\/\/portaldenoticias.net\/deusimar\/wp-content\/uploads\/2015\/03\/DEUSIMAR-E-CLAUDIO-VIEIRA-174x131.jpg 174w, https:\/\/portaldenoticias.net\/deusimar\/wp-content\/uploads\/2015\/03\/DEUSIMAR-E-CLAUDIO-VIEIRA-70x53.jpg 70w\" sizes=\"auto, (max-width: 259px) 100vw, 259px\" \/><\/p>\n<p>Jose Deusimar Loiola Gon\u00e7alves O processo de pereniza\u00e7\u00e3o de nossos t=rios e riachos, e a ampla extens\u00e3o das redes de adutoras do aqu\u00edfero de tucano, ser\u00e3o as medidas necess\u00e1rias pre anunciadas na tarde de hoje, para a descentraliza\u00e7\u00e3o e democratiza\u00e7\u00e3o do acesso a \u00e1gua, em toda nossa linda e extensa Bahia, principalmente aqui em nossa hist\u00f3rica Micro Regi\u00e3o de Canudos localizada no epicentro do semi\u00e1rido brasileiro. Nossa Monte Santo, muito bem servida com as a\u00e7\u00f5es do governo anterior. que beneficiou povoado de Lagoa das Pedras e praticamente toda regi\u00e3o conhecida como regi\u00e3o da areias, com a adutora do aqu\u00edfero de Tucano, conta com o seu relevo 100% vi\u00e1vel para a constru\u00e7\u00e3o de acudes e barragens de m\u00e9dio e grande porte. ,Atentai bem na imagem abaixo, e percebam o ponto estrat\u00e9gico para o ponta p\u00e9 inicial do processo de pereniza\u00e7\u00e3o do nosso fant\u00e1stico Rio Cariac\u00e1 Boa Noite!!<br \/>\nJos\u00e9 Deusimar Loiola Gon\u00e7alves<br \/>\nApicultor Meliponicultor,Diretor de Comunica\u00e7\u00e3o da FEBAMEL,,e P\u00f3s Graduado em Gest\u00e3o e Educa\u00e7\u00e3o Ambiental &#8211; EBDA Monte Santo<br \/>\n(75) 9131-0784\/ 9998-0025. Note: compartilhado tamb\u00e9m, no BLOG DO DEUSIMAR (www.portaldenticias.net\/deusimar).<\/p>\n<p><img loading=\"lazy\" decoding=\"async\" src=\"http:\/\/www.portaldenoticias.net\/deusimar\/wp-content\/uploads\/2015\/02\/PERENIZACAO-DO-RIO-CARIACA..jpg\" alt=\"PERENIZACAO DO RIO CARIACA.\" width=\"259\" height=\"194\" class=\"alignleft size-full wp-image-575\" srcset=\"https:\/\/portaldenoticias.net\/deusimar\/wp-content\/uploads\/2015\/02\/PERENIZACAO-DO-RIO-CARIACA..jpg 259w, https:\/\/portaldenoticias.net\/deusimar\/wp-content\/uploads\/2015\/02\/PERENIZACAO-DO-RIO-CARIACA.-174x131.jpg 174w, https:\/\/portaldenoticias.net\/deusimar\/wp-content\/uploads\/2015\/02\/PERENIZACAO-DO-RIO-CARIACA.-70x53.jpg 70w\" sizes=\"auto, (max-width: 259px) 100vw, 259px\" \/><\/p>\n<p>COLABORA\u00c7\u00c3O E COMPLEMENTOS DOS:<\/p>\n<p><img loading=\"lazy\" decoding=\"async\" src=\"http:\/\/www.portaldenoticias.net\/deusimar\/wp-content\/uploads\/2015\/02\/CARTAO-DE-VISITA-AMPLIADO-DE-DEUSIMAR-450x250.jpg\" alt=\"CARTAO DE VISITA AMPLIADO DE DEUSIMAR\" width=\"450\" height=\"250\" class=\"alignleft size-medium wp-image-373\" srcset=\"https:\/\/portaldenoticias.net\/deusimar\/wp-content\/uploads\/2015\/02\/CARTAO-DE-VISITA-AMPLIADO-DE-DEUSIMAR-450x250.jpg 450w, https:\/\/portaldenoticias.net\/deusimar\/wp-content\/uploads\/2015\/02\/CARTAO-DE-VISITA-AMPLIADO-DE-DEUSIMAR-640x356.jpg 640w, https:\/\/portaldenoticias.net\/deusimar\/wp-content\/uploads\/2015\/02\/CARTAO-DE-VISITA-AMPLIADO-DE-DEUSIMAR.jpg 1062w\" sizes=\"auto, (max-width: 450px) 100vw, 450px\" \/><\/p>\n","protected":false},"excerpt":{"rendered":"<p>Rui Costa 14 min \u00b7 As a\u00e7\u00f5es que executamos na entrega de Sistemas de abastecimento de \u00e1gua come\u00e7am em reuni\u00f5es como a que tive hoje, com a Secretaria de Infraestrutura H\u00eddrica e Saneamento (SIHS). Foi uma tarde muito produtiva em que discutimos a situa\u00e7\u00e3o atual e pensamos novas medidas para a democratiza\u00e7\u00e3o do acesso a [&hellip;]<\/p>\n","protected":false},"author":2,"featured_media":0,"comment_status":"open","ping_status":"open","sticky":false,"template":"","format":"standard","meta":{"footnotes":""},"categories":[1],"tags":[],"class_list":{"0":"post-1100","1":"post","2":"type-post","3":"status-publish","4":"format-standard","6":"category-destaques"},"_links":{"self":[{"href":"https:\/\/portaldenoticias.net\/deusimar\/wp-json\/wp\/v2\/posts\/1100","targetHints":{"allow":["GET"]}}],"collection":[{"href":"https:\/\/portaldenoticias.net\/deusimar\/wp-json\/wp\/v2\/posts"}],"about":[{"href":"https:\/\/portaldenoticias.net\/deusimar\/wp-json\/wp\/v2\/types\/post"}],"author":[{"embeddable":true,"href":"https:\/\/portaldenoticias.net\/deusimar\/wp-json\/wp\/v2\/users\/2"}],"replies":[{"embeddable":true,"href":"https:\/\/portaldenoticias.net\/deusimar\/wp-json\/wp\/v2\/comments?post=1100"}],"version-history":[{"count":0,"href":"https:\/\/portaldenoticias.net\/deusimar\/wp-json\/wp\/v2\/posts\/1100\/revisions"}],"wp:attachment":[{"href":"https:\/\/portaldenoticias.net\/deusimar\/wp-json\/wp\/v2\/media?parent=1100"}],"wp:term":[{"taxonomy":"category","embeddable":true,"href":"https:\/\/portaldenoticias.net\/deusimar\/wp-json\/wp\/v2\/categories?post=1100"},{"taxonomy":"post_tag","embeddable":true,"href":"https:\/\/portaldenoticias.net\/deusimar\/wp-json\/wp\/v2\/tags?post=1100"}],"curies":[{"name":"wp","href":"https:\/\/api.w.org\/{rel}","templated":true}]}}