{"id":1082,"date":"2015-03-04T20:03:14","date_gmt":"2015-03-04T23:03:14","guid":{"rendered":"http:\/\/www.portaldenoticias.net\/deusimar\/?p=1082"},"modified":"2015-03-04T20:06:02","modified_gmt":"2015-03-04T23:06:02","slug":"novo-governador-passou-a-manha-de-hoje04dialogando-com-os-membros-do-maior-parlamento-de-nossa-linda-e-extensa-bahia","status":"publish","type":"post","link":"https:\/\/portaldenoticias.net\/deusimar\/novo-governador-passou-a-manha-de-hoje04dialogando-com-os-membros-do-maior-parlamento-de-nossa-linda-e-extensa-bahia\/","title":{"rendered":"NOVO GOVERNADOR PASSOU A MANH\u00c3 DE HOJE(04),DIALOGANDO COM OS MEMBROS DA BASE ALIADA  DO GOVERNO DE NOSSA LINDA E EXTENSA BAHIA."},"content":{"rendered":"<p><img loading=\"lazy\" decoding=\"async\" src=\"http:\/\/www.portaldenoticias.net\/deusimar\/wp-content\/uploads\/2015\/02\/RUI-COSTA-IMAGEM-GRANDE-DO-FACE..png\" alt=\"RUI COSTA IMAGEM GRANDE DO FACE.\" width=\"160\" height=\"160\" class=\"alignleft size-full wp-image-832\" srcset=\"https:\/\/portaldenoticias.net\/deusimar\/wp-content\/uploads\/2015\/02\/RUI-COSTA-IMAGEM-GRANDE-DO-FACE..png 160w, https:\/\/portaldenoticias.net\/deusimar\/wp-content\/uploads\/2015\/02\/RUI-COSTA-IMAGEM-GRANDE-DO-FACE.-150x150.png 150w\" sizes=\"auto, (max-width: 160px) 100vw, 160px\" \/><\/p>\n<p>Rui Costa adicionou 5 novas fotos ao \u00e1lbum: Reuni\u00e3o com a base aliada.<br \/>\n5 h \u00b7<br \/>\nA manh\u00e3 desta quarta-feira foi de di\u00e1logo com os representantes do povo baiano que fazem parte da base na Assembleia Legislativa.<br \/>\nTemos muito de trabalhar pela Bahia e conto com os nossos deputados para que as conquistas sejam alcan\u00e7adas.<br \/>\nFiquei feliz pela presen\u00e7a de 40 deputados, o que mostra a for\u00e7a e uni\u00e3o de nossa base. Vamos trabalhar para atender a todos e contamos com o apoio de cada um dos parlamentares para melhorar ainda mais a vida dos baianos.<\/p>\n<p><img loading=\"lazy\" decoding=\"async\" src=\"http:\/\/www.portaldenoticias.net\/deusimar\/wp-content\/uploads\/2015\/03\/RUI-MSG-DIA-04-03-450x300.jpg\" alt=\"RUI-MSG DIA 04-03\" width=\"450\" height=\"300\" class=\"alignleft size-medium wp-image-1083\" srcset=\"https:\/\/portaldenoticias.net\/deusimar\/wp-content\/uploads\/2015\/03\/RUI-MSG-DIA-04-03-450x300.jpg 450w, https:\/\/portaldenoticias.net\/deusimar\/wp-content\/uploads\/2015\/03\/RUI-MSG-DIA-04-03-640x426.jpg 640w, https:\/\/portaldenoticias.net\/deusimar\/wp-content\/uploads\/2015\/03\/RUI-MSG-DIA-04-03.jpg 960w\" sizes=\"auto, (max-width: 450px) 100vw, 450px\" \/><\/p>\n<p><img loading=\"lazy\" decoding=\"async\" src=\"http:\/\/www.portaldenoticias.net\/deusimar\/wp-content\/uploads\/2015\/03\/RUI-REUNIAO.jpg\" alt=\"RUI REUNIAO\" width=\"235\" height=\"156\" class=\"alignleft size-full wp-image-1084\" \/><\/p>\n<p><img loading=\"lazy\" decoding=\"async\" src=\"http:\/\/www.portaldenoticias.net\/deusimar\/wp-content\/uploads\/2015\/03\/RUI-REUNIAO-2.jpg\" alt=\"RUI REUNIAO-2\" width=\"235\" height=\"156\" class=\"alignleft size-full wp-image-1085\" \/><\/p>\n<p><img loading=\"lazy\" decoding=\"async\" src=\"http:\/\/www.portaldenoticias.net\/deusimar\/wp-content\/uploads\/2015\/03\/RUI-REUNIA-3-450x300.jpg\" alt=\"RUI REUNIA-3\" width=\"450\" height=\"300\" class=\"alignleft size-medium wp-image-1086\" srcset=\"https:\/\/portaldenoticias.net\/deusimar\/wp-content\/uploads\/2015\/03\/RUI-REUNIA-3-450x300.jpg 450w, https:\/\/portaldenoticias.net\/deusimar\/wp-content\/uploads\/2015\/03\/RUI-REUNIA-3-640x426.jpg 640w, https:\/\/portaldenoticias.net\/deusimar\/wp-content\/uploads\/2015\/03\/RUI-REUNIA-3.jpg 960w\" sizes=\"auto, (max-width: 450px) 100vw, 450px\" \/><\/p>\n<p>COLABORA\u00c7\u00c3O E COMPLEMENTOS DOS:<br \/>\n<img loading=\"lazy\" decoding=\"async\" src=\"http:\/\/www.portaldenoticias.net\/deusimar\/wp-content\/uploads\/2015\/02\/CARTAO-DE-VISITA-DEUSIMAR-450x250.jpg\" alt=\"CARTAO DE VISITA DEUSIMAR\" width=\"450\" height=\"250\" class=\"alignleft size-medium wp-image-849\" srcset=\"https:\/\/portaldenoticias.net\/deusimar\/wp-content\/uploads\/2015\/02\/CARTAO-DE-VISITA-DEUSIMAR-450x250.jpg 450w, https:\/\/portaldenoticias.net\/deusimar\/wp-content\/uploads\/2015\/02\/CARTAO-DE-VISITA-DEUSIMAR-640x356.jpg 640w, https:\/\/portaldenoticias.net\/deusimar\/wp-content\/uploads\/2015\/02\/CARTAO-DE-VISITA-DEUSIMAR.jpg 1062w\" sizes=\"auto, (max-width: 450px) 100vw, 450px\" \/><\/p>\n","protected":false},"excerpt":{"rendered":"<p>Rui Costa adicionou 5 novas fotos ao \u00e1lbum: Reuni\u00e3o com a base aliada. 5 h \u00b7 A manh\u00e3 desta quarta-feira foi de di\u00e1logo com os representantes do povo baiano que fazem parte da base na Assembleia Legislativa. Temos muito de trabalhar pela Bahia e conto com os nossos deputados para que as conquistas sejam alcan\u00e7adas. [&hellip;]<\/p>\n","protected":false},"author":2,"featured_media":0,"comment_status":"open","ping_status":"open","sticky":false,"template":"","format":"standard","meta":{"footnotes":""},"categories":[1],"tags":[],"class_list":{"0":"post-1082","1":"post","2":"type-post","3":"status-publish","4":"format-standard","6":"category-destaques"},"_links":{"self":[{"href":"https:\/\/portaldenoticias.net\/deusimar\/wp-json\/wp\/v2\/posts\/1082","targetHints":{"allow":["GET"]}}],"collection":[{"href":"https:\/\/portaldenoticias.net\/deusimar\/wp-json\/wp\/v2\/posts"}],"about":[{"href":"https:\/\/portaldenoticias.net\/deusimar\/wp-json\/wp\/v2\/types\/post"}],"author":[{"embeddable":true,"href":"https:\/\/portaldenoticias.net\/deusimar\/wp-json\/wp\/v2\/users\/2"}],"replies":[{"embeddable":true,"href":"https:\/\/portaldenoticias.net\/deusimar\/wp-json\/wp\/v2\/comments?post=1082"}],"version-history":[{"count":0,"href":"https:\/\/portaldenoticias.net\/deusimar\/wp-json\/wp\/v2\/posts\/1082\/revisions"}],"wp:attachment":[{"href":"https:\/\/portaldenoticias.net\/deusimar\/wp-json\/wp\/v2\/media?parent=1082"}],"wp:term":[{"taxonomy":"category","embeddable":true,"href":"https:\/\/portaldenoticias.net\/deusimar\/wp-json\/wp\/v2\/categories?post=1082"},{"taxonomy":"post_tag","embeddable":true,"href":"https:\/\/portaldenoticias.net\/deusimar\/wp-json\/wp\/v2\/tags?post=1082"}],"curies":[{"name":"wp","href":"https:\/\/api.w.org\/{rel}","templated":true}]}}