{"id":1079,"date":"2015-03-04T19:34:07","date_gmt":"2015-03-04T22:34:07","guid":{"rendered":"http:\/\/www.portaldenoticias.net\/deusimar\/?p=1079"},"modified":"2015-03-04T19:34:07","modified_gmt":"2015-03-04T22:34:07","slug":"nosso-novo-governador-divulgou-em-seu-facebook-o-sucesso-de-nossa-linda-e-extensa-bahia-na-producao-de-equipamentos-e-componentes-para-a-energia-eolica-renovavel-e-limpa","status":"publish","type":"post","link":"https:\/\/portaldenoticias.net\/deusimar\/nosso-novo-governador-divulgou-em-seu-facebook-o-sucesso-de-nossa-linda-e-extensa-bahia-na-producao-de-equipamentos-e-componentes-para-a-energia-eolica-renovavel-e-limpa\/","title":{"rendered":"NOSSO NOVO GOVERNADOR DIVULGOU EM SEU FACEBOOK O SUCESSO DE NOSSA LINDA E EXTENSA BAHIA NA PRODU\u00c7\u00c3O DE EQUIPAMENTOS E COMPONENTES PARA A ENERGIA E\u00d3LICA-RENOV\u00c1VEL E LIMPA."},"content":{"rendered":"<p><img loading=\"lazy\" decoding=\"async\" src=\"http:\/\/www.portaldenoticias.net\/deusimar\/wp-content\/uploads\/2015\/02\/RUI-COSTA-IMAGEM-GRANDE-DO-FACE..png\" alt=\"RUI COSTA IMAGEM GRANDE DO FACE.\" width=\"160\" height=\"160\" class=\"alignleft size-full wp-image-832\" srcset=\"https:\/\/portaldenoticias.net\/deusimar\/wp-content\/uploads\/2015\/02\/RUI-COSTA-IMAGEM-GRANDE-DO-FACE..png 160w, https:\/\/portaldenoticias.net\/deusimar\/wp-content\/uploads\/2015\/02\/RUI-COSTA-IMAGEM-GRANDE-DO-FACE.-150x150.png 150w\" sizes=\"auto, (max-width: 160px) 100vw, 160px\" \/><\/p>\n<p>Rui Costa compartilhou a foto de Secom &#8211; Comunica\u00e7\u00e3o Bahia.<\/p>\n<p>Secom &#8211; Comunica\u00e7\u00e3o Bahia<br \/>\nPor liderar a corrida pela energia renov\u00e1vel e limpa &#8211; com 165 usinas de energia e\u00f3lica, sendo 33 em opera\u00e7\u00e3o \u2013 a Bahia continua recebendo novas f\u00e1bricas de equipamentos e componentes industriais para a energia gerada pela for\u00e7a dos ventos.<\/p>\n<p>\u202a#\u200eEnergiaE\u00f3lica\u202c \u202a#\u200eEnergiaRenov\u00e1vel\u202c \u202a#\u200eEnergiaLimpa\u202c \u202a#\u200eempregos\u202c \u202a#\u200edesenvolvimento\u202c \u202a#\u200eAlstom\u202c \u202a#\u200eJacobina\u202c \u202a#\u200eGovernoDaBahia\u202c \u202a#\u200eTerraM\u00e3eDoBrasil\u202c \u202a#\u200eBahia\u202c \u202a#\u200eInfraestrutura\u202c<\/p>\n<p><img loading=\"lazy\" decoding=\"async\" src=\"http:\/\/www.portaldenoticias.net\/deusimar\/wp-content\/uploads\/2015\/03\/FABRICA-EQUIPAMENTOS-ENERGIA-EOLICA-450x450.jpg\" alt=\"FABRICA EQUIPAMENTOS ENERGIA EOLICA\" width=\"450\" height=\"450\" class=\"alignleft size-medium wp-image-1080\" srcset=\"https:\/\/portaldenoticias.net\/deusimar\/wp-content\/uploads\/2015\/03\/FABRICA-EQUIPAMENTOS-ENERGIA-EOLICA-450x450.jpg 450w, https:\/\/portaldenoticias.net\/deusimar\/wp-content\/uploads\/2015\/03\/FABRICA-EQUIPAMENTOS-ENERGIA-EOLICA-150x150.jpg 150w, https:\/\/portaldenoticias.net\/deusimar\/wp-content\/uploads\/2015\/03\/FABRICA-EQUIPAMENTOS-ENERGIA-EOLICA.jpg 520w\" sizes=\"auto, (max-width: 450px) 100vw, 450px\" \/><\/p>\n<p>COLABORA\u00c7\u00c3O E COMPLEMENTOS DOS:<br \/>\n<img loading=\"lazy\" decoding=\"async\" src=\"http:\/\/www.portaldenoticias.net\/deusimar\/wp-content\/uploads\/2015\/02\/CARTAO-DE-VISITA-DEUSIMAR-450x250.jpg\" alt=\"CARTAO DE VISITA DEUSIMAR\" width=\"450\" height=\"250\" class=\"alignleft size-medium wp-image-849\" srcset=\"https:\/\/portaldenoticias.net\/deusimar\/wp-content\/uploads\/2015\/02\/CARTAO-DE-VISITA-DEUSIMAR-450x250.jpg 450w, https:\/\/portaldenoticias.net\/deusimar\/wp-content\/uploads\/2015\/02\/CARTAO-DE-VISITA-DEUSIMAR-640x356.jpg 640w, https:\/\/portaldenoticias.net\/deusimar\/wp-content\/uploads\/2015\/02\/CARTAO-DE-VISITA-DEUSIMAR.jpg 1062w\" sizes=\"auto, (max-width: 450px) 100vw, 450px\" \/><\/p>\n","protected":false},"excerpt":{"rendered":"<p>Rui Costa compartilhou a foto de Secom &#8211; Comunica\u00e7\u00e3o Bahia. Secom &#8211; Comunica\u00e7\u00e3o Bahia Por liderar a corrida pela energia renov\u00e1vel e limpa &#8211; com 165 usinas de energia e\u00f3lica, sendo 33 em opera\u00e7\u00e3o \u2013 a Bahia continua recebendo novas f\u00e1bricas de equipamentos e componentes industriais para a energia gerada pela for\u00e7a dos ventos. \u202a#\u200eEnergiaE\u00f3lica\u202c [&hellip;]<\/p>\n","protected":false},"author":2,"featured_media":0,"comment_status":"open","ping_status":"open","sticky":false,"template":"","format":"standard","meta":{"footnotes":""},"categories":[1],"tags":[],"class_list":{"0":"post-1079","1":"post","2":"type-post","3":"status-publish","4":"format-standard","6":"category-destaques"},"_links":{"self":[{"href":"https:\/\/portaldenoticias.net\/deusimar\/wp-json\/wp\/v2\/posts\/1079","targetHints":{"allow":["GET"]}}],"collection":[{"href":"https:\/\/portaldenoticias.net\/deusimar\/wp-json\/wp\/v2\/posts"}],"about":[{"href":"https:\/\/portaldenoticias.net\/deusimar\/wp-json\/wp\/v2\/types\/post"}],"author":[{"embeddable":true,"href":"https:\/\/portaldenoticias.net\/deusimar\/wp-json\/wp\/v2\/users\/2"}],"replies":[{"embeddable":true,"href":"https:\/\/portaldenoticias.net\/deusimar\/wp-json\/wp\/v2\/comments?post=1079"}],"version-history":[{"count":0,"href":"https:\/\/portaldenoticias.net\/deusimar\/wp-json\/wp\/v2\/posts\/1079\/revisions"}],"wp:attachment":[{"href":"https:\/\/portaldenoticias.net\/deusimar\/wp-json\/wp\/v2\/media?parent=1079"}],"wp:term":[{"taxonomy":"category","embeddable":true,"href":"https:\/\/portaldenoticias.net\/deusimar\/wp-json\/wp\/v2\/categories?post=1079"},{"taxonomy":"post_tag","embeddable":true,"href":"https:\/\/portaldenoticias.net\/deusimar\/wp-json\/wp\/v2\/tags?post=1079"}],"curies":[{"name":"wp","href":"https:\/\/api.w.org\/{rel}","templated":true}]}}