{"id":1075,"date":"2015-03-03T23:10:33","date_gmt":"2015-03-04T02:10:33","guid":{"rendered":"http:\/\/www.portaldenoticias.net\/deusimar\/?p=1075"},"modified":"2015-03-03T23:10:33","modified_gmt":"2015-03-04T02:10:33","slug":"os-bons-resultados-do-programa-agua-para-todos-do-governo-do-estado-foram-amplamente-divulgados-na-pagina-do-face-do-novo-governador","status":"publish","type":"post","link":"https:\/\/portaldenoticias.net\/deusimar\/os-bons-resultados-do-programa-agua-para-todos-do-governo-do-estado-foram-amplamente-divulgados-na-pagina-do-face-do-novo-governador\/","title":{"rendered":"OS BONS RESULTADOS DO PROGRAMA \u00c1GUA PARA TODOS DO GOVERNO DO ESTADO FORAM AMPLAMENTE DIVULGADOS NA P\u00c1GINA DO FACE DO NOVO GOVERNADOR."},"content":{"rendered":"<p><img loading=\"lazy\" decoding=\"async\" src=\"http:\/\/www.portaldenoticias.net\/deusimar\/wp-content\/uploads\/2015\/02\/RUI-COSTA-IMAGEM-GRANDE-DO-FACE..png\" alt=\"RUI COSTA IMAGEM GRANDE DO FACE.\" width=\"160\" height=\"160\" class=\"alignleft size-full wp-image-832\" srcset=\"https:\/\/portaldenoticias.net\/deusimar\/wp-content\/uploads\/2015\/02\/RUI-COSTA-IMAGEM-GRANDE-DO-FACE..png 160w, https:\/\/portaldenoticias.net\/deusimar\/wp-content\/uploads\/2015\/02\/RUI-COSTA-IMAGEM-GRANDE-DO-FACE.-150x150.png 150w\" sizes=\"auto, (max-width: 160px) 100vw, 160px\" \/><br \/>\nRui Costa<br \/>\n7 h \u00b7<br \/>\nH\u00e1 alguns anos, o retrato do semi\u00e1rido nordestino era de um lugar imposs\u00edvel de se viver. N\u00e3o tinha \u00e1gua e nem condi\u00e7\u00f5es de produzir. Hoje, esse quadro melhorou e j\u00e1 \u00e9 bem diferente. Por meio do Programa \u00c1gua para Todos, mais de 112 mil agricultores do Semi\u00e1rido receberam reservat\u00f3rios de \u00e1gua para plantar e criar animais, mais de 36 mil s\u00f3 na Bahia. Cerca de 93% das unidades que captam \u00e1gua da chuva foram entregues nos \u00faltimos quatro anos, o que abriu novas oportunidades para fam\u00edlias que n\u00e3o tinham como produzir devido \u00e0 estiagem. Para n\u00f3s, baianos, nordestinos, brasileiros, nossa terra \u00e9 motivo de orgulho. Com tecnologia e muito trabalho, convivemos hoje com a seca, em vez de lutar contra ela. \u202a#\u200eConviv\u00eanciaComASeca\u202c \u202a#\u200e\u00c1guaParaTodos\u202c \u202a#\u200eOrgulhoNordestino\u202c Leia mais: http:\/\/bit.ly\/1AD2zqb<\/p>\n<p><img loading=\"lazy\" decoding=\"async\" src=\"http:\/\/www.portaldenoticias.net\/deusimar\/wp-content\/uploads\/2015\/03\/PROGRAMA-AGUA-PARA-TODOS.-450x450.jpg\" alt=\"PROGRAMA AGUA PARA TODOS.\" width=\"450\" height=\"450\" class=\"alignleft size-medium wp-image-1076\" srcset=\"https:\/\/portaldenoticias.net\/deusimar\/wp-content\/uploads\/2015\/03\/PROGRAMA-AGUA-PARA-TODOS.-450x450.jpg 450w, https:\/\/portaldenoticias.net\/deusimar\/wp-content\/uploads\/2015\/03\/PROGRAMA-AGUA-PARA-TODOS.-150x150.jpg 150w, https:\/\/portaldenoticias.net\/deusimar\/wp-content\/uploads\/2015\/03\/PROGRAMA-AGUA-PARA-TODOS..jpg 480w\" sizes=\"auto, (max-width: 450px) 100vw, 450px\" \/><\/p>\n<p>COLABORA\u00c7\u00c3O E COMPLEMENTOS DOS:<br \/>\n<img loading=\"lazy\" decoding=\"async\" src=\"http:\/\/www.portaldenoticias.net\/deusimar\/wp-content\/uploads\/2015\/02\/CARTAO-DE-VISITA-DEUSIMAR-450x250.jpg\" alt=\"CARTAO DE VISITA DEUSIMAR\" width=\"450\" height=\"250\" class=\"alignleft size-medium wp-image-849\" srcset=\"https:\/\/portaldenoticias.net\/deusimar\/wp-content\/uploads\/2015\/02\/CARTAO-DE-VISITA-DEUSIMAR-450x250.jpg 450w, https:\/\/portaldenoticias.net\/deusimar\/wp-content\/uploads\/2015\/02\/CARTAO-DE-VISITA-DEUSIMAR-640x356.jpg 640w, https:\/\/portaldenoticias.net\/deusimar\/wp-content\/uploads\/2015\/02\/CARTAO-DE-VISITA-DEUSIMAR.jpg 1062w\" sizes=\"auto, (max-width: 450px) 100vw, 450px\" \/><\/p>\n","protected":false},"excerpt":{"rendered":"<p>Rui Costa 7 h \u00b7 H\u00e1 alguns anos, o retrato do semi\u00e1rido nordestino era de um lugar imposs\u00edvel de se viver. N\u00e3o tinha \u00e1gua e nem condi\u00e7\u00f5es de produzir. Hoje, esse quadro melhorou e j\u00e1 \u00e9 bem diferente. Por meio do Programa \u00c1gua para Todos, mais de 112 mil agricultores do Semi\u00e1rido receberam reservat\u00f3rios de [&hellip;]<\/p>\n","protected":false},"author":2,"featured_media":0,"comment_status":"open","ping_status":"open","sticky":false,"template":"","format":"standard","meta":{"footnotes":""},"categories":[1],"tags":[],"class_list":{"0":"post-1075","1":"post","2":"type-post","3":"status-publish","4":"format-standard","6":"category-destaques"},"_links":{"self":[{"href":"https:\/\/portaldenoticias.net\/deusimar\/wp-json\/wp\/v2\/posts\/1075","targetHints":{"allow":["GET"]}}],"collection":[{"href":"https:\/\/portaldenoticias.net\/deusimar\/wp-json\/wp\/v2\/posts"}],"about":[{"href":"https:\/\/portaldenoticias.net\/deusimar\/wp-json\/wp\/v2\/types\/post"}],"author":[{"embeddable":true,"href":"https:\/\/portaldenoticias.net\/deusimar\/wp-json\/wp\/v2\/users\/2"}],"replies":[{"embeddable":true,"href":"https:\/\/portaldenoticias.net\/deusimar\/wp-json\/wp\/v2\/comments?post=1075"}],"version-history":[{"count":0,"href":"https:\/\/portaldenoticias.net\/deusimar\/wp-json\/wp\/v2\/posts\/1075\/revisions"}],"wp:attachment":[{"href":"https:\/\/portaldenoticias.net\/deusimar\/wp-json\/wp\/v2\/media?parent=1075"}],"wp:term":[{"taxonomy":"category","embeddable":true,"href":"https:\/\/portaldenoticias.net\/deusimar\/wp-json\/wp\/v2\/categories?post=1075"},{"taxonomy":"post_tag","embeddable":true,"href":"https:\/\/portaldenoticias.net\/deusimar\/wp-json\/wp\/v2\/tags?post=1075"}],"curies":[{"name":"wp","href":"https:\/\/api.w.org\/{rel}","templated":true}]}}