{"id":1055,"date":"2015-03-03T18:10:15","date_gmt":"2015-03-03T21:10:15","guid":{"rendered":"http:\/\/www.portaldenoticias.net\/deusimar\/?p=1055"},"modified":"2015-03-03T18:19:02","modified_gmt":"2015-03-03T21:19:02","slug":"o-programa-inovado-de-nosso-novo-governador-estreia-priorizando-o-pilar-da-educacao","status":"publish","type":"post","link":"https:\/\/portaldenoticias.net\/deusimar\/o-programa-inovado-de-nosso-novo-governador-estreia-priorizando-o-pilar-da-educacao\/","title":{"rendered":"O PROGRAMA INOVADO DE NOSSO NOVO GOVERNADOR ESTR\u00c9IA VALORIZANDO O PILAR  DA EDUCA\u00c7\u00c3O."},"content":{"rendered":"<p><img loading=\"lazy\" decoding=\"async\" src=\"http:\/\/www.portaldenoticias.net\/deusimar\/wp-content\/uploads\/2015\/03\/imagem-gde-Benito..jpg\" alt=\"imagem gde Benito.\" width=\"160\" height=\"160\" class=\"alignleft size-full wp-image-1056\" srcset=\"https:\/\/portaldenoticias.net\/deusimar\/wp-content\/uploads\/2015\/03\/imagem-gde-Benito..jpg 160w, https:\/\/portaldenoticias.net\/deusimar\/wp-content\/uploads\/2015\/03\/imagem-gde-Benito.-150x150.jpg 150w\" sizes=\"auto, (max-width: 160px) 100vw, 160px\" \/><\/p>\n<p>Benito Brasileiro compartilhou a foto de<img loading=\"lazy\" decoding=\"async\" src=\"http:\/\/www.portaldenoticias.net\/deusimar\/wp-content\/uploads\/2015\/03\/PROGRAA-DO-NOVO-GOVERNADOR.-450x450.jpg\" alt=\"PROGRAA DO NOVO GOVERNADOR.\" width=\"450\" height=\"450\" class=\"alignleft size-medium wp-image-1031\" srcset=\"https:\/\/portaldenoticias.net\/deusimar\/wp-content\/uploads\/2015\/03\/PROGRAA-DO-NOVO-GOVERNADOR.-450x450.jpg 450w, https:\/\/portaldenoticias.net\/deusimar\/wp-content\/uploads\/2015\/03\/PROGRAA-DO-NOVO-GOVERNADOR.-150x150.jpg 150w, https:\/\/portaldenoticias.net\/deusimar\/wp-content\/uploads\/2015\/03\/PROGRAA-DO-NOVO-GOVERNADOR..jpg 480w\" sizes=\"auto, (max-width: 450px) 100vw, 450px\" \/> Rui Costa.<\/p>\n<p><img loading=\"lazy\" decoding=\"async\" src=\"http:\/\/www.portaldenoticias.net\/deusimar\/wp-content\/uploads\/2015\/03\/programa-Diga-meu-governador-450x450.jpg\" alt=\"programa Diga meu governador\" width=\"450\" height=\"450\" class=\"alignleft size-medium wp-image-1057\" srcset=\"https:\/\/portaldenoticias.net\/deusimar\/wp-content\/uploads\/2015\/03\/programa-Diga-meu-governador-450x450.jpg 450w, https:\/\/portaldenoticias.net\/deusimar\/wp-content\/uploads\/2015\/03\/programa-Diga-meu-governador-150x150.jpg 150w, https:\/\/portaldenoticias.net\/deusimar\/wp-content\/uploads\/2015\/03\/programa-Diga-meu-governador.jpg 480w\" sizes=\"auto, (max-width: 450px) 100vw, 450px\" \/><\/p>\n<p><img loading=\"lazy\" decoding=\"async\" src=\"http:\/\/www.portaldenoticias.net\/deusimar\/wp-content\/uploads\/2015\/01\/IMAGEM-FACE-GRANDE-DEUSIMAR1.jpg\" alt=\"IMAGEM FACE GRANDE DEUSIMAR\" width=\"259\" height=\"195\" class=\"alignleft size-full wp-image-251\" srcset=\"https:\/\/portaldenoticias.net\/deusimar\/wp-content\/uploads\/2015\/01\/IMAGEM-FACE-GRANDE-DEUSIMAR1.jpg 259w, https:\/\/portaldenoticias.net\/deusimar\/wp-content\/uploads\/2015\/01\/IMAGEM-FACE-GRANDE-DEUSIMAR1-174x131.jpg 174w, https:\/\/portaldenoticias.net\/deusimar\/wp-content\/uploads\/2015\/01\/IMAGEM-FACE-GRANDE-DEUSIMAR1-70x53.jpg 70w\" sizes=\"auto, (max-width: 259px) 100vw, 259px\" \/><\/p>\n<p>Jose Deusimar Loiola Gon\u00e7alves parabenizando e compartilhando aqui. e l\u00e1 no BLOG DO DEUSIMAR(www.portaldenoticias.net\/deusimar) essa mais uma inova\u00e7\u00e3o, desta feita na \u00e1rea da comunica\u00e7\u00e3o do novo governo de nossa linda e extensa Bahia. Como assunto principal da estreia do Programa Diga ai, Governador, EDUCA\u00c7\u00c3O E FAM\u00cdLIA. Como disse nosso NOVO GOVERNADOR, EDUCA\u00c7\u00c3O \u00e9 prioridade do Governo da Bahia,porque ela \u00e9 a respons\u00e1vel pela estrutura da sociedade, e deve estar em sintonia afinada com A FAM\u00cdLIA,pois os familiares tem um papel fundamental no desempenho do aluno. O lar sempre foi; \u00e9; e continuar\u00e1 sendo sempre a nossa primeira escola. De acordo com as boas inten\u00e7\u00f5es de nosso NOVO GOVERNADOR ,quem sabe um dia, este exemplo do Jap\u00e3o aconte\u00e7a em nossa linda e extensa Bahia, e sirva tamb\u00e9m, de exemplo para os demais estados da federa\u00e7\u00e3o.Boa Tarde!! Jos\u00e9 Deusimar Loiola Gon\u00e7alves<br \/>\nApicultor Meliponicultor,Diretor de Comunica\u00e7\u00e3o da FEBAMEL,,e P\u00f3s Graduado em Gest\u00e3o e Educa\u00e7\u00e3o Ambiental &#8211; EBDA Monte Santo<br \/>\n(75) 9131-0784\/ 9998-0025<br \/>\n<img loading=\"lazy\" decoding=\"async\" src=\"http:\/\/www.portaldenoticias.net\/deusimar\/wp-content\/uploads\/2015\/03\/o-professor-no-japao-tem-respeito..jpg\" alt=\"o professor no japao tem respeito.\" width=\"403\" height=\"403\" class=\"alignleft size-full wp-image-1058\" srcset=\"https:\/\/portaldenoticias.net\/deusimar\/wp-content\/uploads\/2015\/03\/o-professor-no-japao-tem-respeito..jpg 403w, https:\/\/portaldenoticias.net\/deusimar\/wp-content\/uploads\/2015\/03\/o-professor-no-japao-tem-respeito.-150x150.jpg 150w\" sizes=\"auto, (max-width: 403px) 100vw, 403px\" \/><\/p>\n<p>Jose Deusimar Loiola Gon\u00e7alves ATENTAI BEM&#8230;.. REFORMA POL\u00cdTICA J\u00c1, PARA NOSSO NOVO GOVERNADOR TER MUITO MAIS RECURSOS DISPON\u00cdVEIS PARA FAZER ACONTECER ESTE BOM EXEMPLO DO JAP\u00c3O AQUI EM NOSSA LINDA BAHIA E EM TODO OS ESTADOS DA FEDERA\u00c7\u00c3O. CONTRIBUI\u00c7\u00c3O DE: Jos\u00e9 Deusimar Loiola Gon\u00e7alves<br \/>\nApicultor Meliponicultor,Diretor de Comunica\u00e7\u00e3o da FEBAMEL,,e P\u00f3s Graduado em Gest\u00e3o e Educa\u00e7\u00e3o Ambiental &#8211; EBDA Monte Santo<br \/>\n(75) 9131-0784\/ 9998-0025<\/p>\n<p><img loading=\"lazy\" decoding=\"async\" src=\"http:\/\/www.portaldenoticias.net\/deusimar\/wp-content\/uploads\/2015\/02\/BIXONA-VEREADOR-ANALFABETO1-450x338.jpg\" alt=\"BIXONA VEREADOR ANALFABETO\" width=\"450\" height=\"338\" class=\"alignleft size-medium wp-image-633\" srcset=\"https:\/\/portaldenoticias.net\/deusimar\/wp-content\/uploads\/2015\/02\/BIXONA-VEREADOR-ANALFABETO1-450x338.jpg 450w, https:\/\/portaldenoticias.net\/deusimar\/wp-content\/uploads\/2015\/02\/BIXONA-VEREADOR-ANALFABETO1-174x131.jpg 174w, https:\/\/portaldenoticias.net\/deusimar\/wp-content\/uploads\/2015\/02\/BIXONA-VEREADOR-ANALFABETO1-70x53.jpg 70w, https:\/\/portaldenoticias.net\/deusimar\/wp-content\/uploads\/2015\/02\/BIXONA-VEREADOR-ANALFABETO1.jpg 480w\" sizes=\"auto, (max-width: 450px) 100vw, 450px\" \/><\/p>\n<p>COLABORA\u00c7\u00c3O E COMPLEMENTOS DOS:<\/p>\n<p><img loading=\"lazy\" decoding=\"async\" src=\"http:\/\/www.portaldenoticias.net\/deusimar\/wp-content\/uploads\/2015\/02\/CARTAO-DE-VISITA-AMPLIADO-DE-DEUSIMAR1-450x250.jpg\" alt=\"CARTAO DE VISITA AMPLIADO DE DEUSIMAR\" width=\"450\" height=\"250\" class=\"alignleft size-medium wp-image-591\" srcset=\"https:\/\/portaldenoticias.net\/deusimar\/wp-content\/uploads\/2015\/02\/CARTAO-DE-VISITA-AMPLIADO-DE-DEUSIMAR1-450x250.jpg 450w, https:\/\/portaldenoticias.net\/deusimar\/wp-content\/uploads\/2015\/02\/CARTAO-DE-VISITA-AMPLIADO-DE-DEUSIMAR1-640x356.jpg 640w, https:\/\/portaldenoticias.net\/deusimar\/wp-content\/uploads\/2015\/02\/CARTAO-DE-VISITA-AMPLIADO-DE-DEUSIMAR1.jpg 1062w\" sizes=\"auto, (max-width: 450px) 100vw, 450px\" \/><\/p>\n","protected":false},"excerpt":{"rendered":"<p>Benito Brasileiro compartilhou a foto de Rui Costa. Jose Deusimar Loiola Gon\u00e7alves parabenizando e compartilhando aqui. e l\u00e1 no BLOG DO DEUSIMAR(www.portaldenoticias.net\/deusimar) essa mais uma inova\u00e7\u00e3o, desta feita na \u00e1rea da comunica\u00e7\u00e3o do novo governo de nossa linda e extensa Bahia. Como assunto principal da estreia do Programa Diga ai, Governador, EDUCA\u00c7\u00c3O E FAM\u00cdLIA. Como [&hellip;]<\/p>\n","protected":false},"author":2,"featured_media":0,"comment_status":"open","ping_status":"open","sticky":false,"template":"","format":"standard","meta":{"footnotes":""},"categories":[1],"tags":[],"class_list":{"0":"post-1055","1":"post","2":"type-post","3":"status-publish","4":"format-standard","6":"category-destaques"},"_links":{"self":[{"href":"https:\/\/portaldenoticias.net\/deusimar\/wp-json\/wp\/v2\/posts\/1055","targetHints":{"allow":["GET"]}}],"collection":[{"href":"https:\/\/portaldenoticias.net\/deusimar\/wp-json\/wp\/v2\/posts"}],"about":[{"href":"https:\/\/portaldenoticias.net\/deusimar\/wp-json\/wp\/v2\/types\/post"}],"author":[{"embeddable":true,"href":"https:\/\/portaldenoticias.net\/deusimar\/wp-json\/wp\/v2\/users\/2"}],"replies":[{"embeddable":true,"href":"https:\/\/portaldenoticias.net\/deusimar\/wp-json\/wp\/v2\/comments?post=1055"}],"version-history":[{"count":0,"href":"https:\/\/portaldenoticias.net\/deusimar\/wp-json\/wp\/v2\/posts\/1055\/revisions"}],"wp:attachment":[{"href":"https:\/\/portaldenoticias.net\/deusimar\/wp-json\/wp\/v2\/media?parent=1055"}],"wp:term":[{"taxonomy":"category","embeddable":true,"href":"https:\/\/portaldenoticias.net\/deusimar\/wp-json\/wp\/v2\/categories?post=1055"},{"taxonomy":"post_tag","embeddable":true,"href":"https:\/\/portaldenoticias.net\/deusimar\/wp-json\/wp\/v2\/tags?post=1055"}],"curies":[{"name":"wp","href":"https:\/\/api.w.org\/{rel}","templated":true}]}}